{"id":368297,"date":"2017-01-18T19:25:00","date_gmt":"2017-01-18T16:25:00","guid":{"rendered":"https:\/\/analyse.optim.biz\/?p=368297"},"modified":"2017-01-18T19:25:00","modified_gmt":"2017-01-18T16:25:00","slug":"ministrul-justitiei-despre-protestele-impotriva-legii-gratierii-oamenii-nu-sunt-informati-corect-ar-putea-fi-vorba-si-de-dezinformare-in-ceea-ce-priveste-continutul-proiectului","status":"publish","type":"post","link":"https:\/\/analyse.optim.biz\/?p=368297","title":{"rendered":"Ministrul Justi\u0163iei, despre protestele \u00eempotriva Legii Gra\u0163ierii: &#8220;Oamenii nu sunt informa\u0163i corect, ar putea fi vorba \u0219i de dezinformare \u00een ceea ce prive\u0219te con\u021binutul proiectului&#8221;"},"content":{"rendered":"<div class=\"description\" data-key=\"description\">Ministrul Justi\u021biei, Florin Iordache, a afirmat miercuri c\u0103 oamenii care protesteaz\u0103 \u00een Capital\u0103 \u00eempotriva proiectului de ordonan\u021b\u0103 privind gra\u021bierea nu sunt informa\u021bi corect, motiv pentru care un secretar de stat va merge \u0219i va discuta cu cei afla\u021bi \u00een strad\u0103.<\/div>\n<div class=\"articleBody\" data-key=\"articleBody\">Ministrul Justi\u021biei, Florin Iordache, a afirmat miercuri c\u0103 oamenii care protesteaz\u0103 \u00een Capital\u0103 \u00eempotriva proiectului de ordonan\u021b\u0103 privind gra\u021bierea nu sunt informa\u021bi corect, motiv pentru care un secretar de stat va merge \u0219i va discuta cu cei afla\u021bi \u00een strad\u0103.<\/p>\n<p>&#8220;Eu am trimis \u00een seara asta un secretar de stat, am vorbit cu secretarul general al Guvernului \u0219i va merge un secretar de stat s\u0103 stea de vorb\u0103 cu oamenii, pentru c\u0103 mi se pare c\u0103 oamenii ace\u0219tia nu sunt informa\u021bi corect. Din punctul nostru de vedere, este o prerogativ\u0103 legal\u0103 a Guvernului s\u0103 putem face chestiunea aceasta. Dintr-o slab\u0103 informare, cred eu, oamenii au ie\u0219it \u0219i se manifest\u0103&#8221;, a declarat Florin Iordache la Antena 3.<\/p>\n<p>\u00centrebat despre reac\u021biile negative pe acest subiect, Iordache a spus c\u0103 ar putea fi vorba \u0219i de &#8220;dezinformare&#8221; \u00een ceea ce prive\u0219te con\u021binutul proiectului privind gra\u021bierea.<\/p>\n<p>&#8220;A\u0219tept\u0103m \u0219i punctele de vedere contrare, nu toat\u0103 lumea trebuie s\u0103 fie de acord, dar am constat c\u0103 sunt anumite anomalii \u0219i disfunc\u021bionalit\u0103\u021bi \u0219i de aceea \u00eencerc\u0103m s\u0103 le \u00eendrept\u0103m. Mai sunt multe chestiuni care trebuie modificate \u00een perioada urm\u0103toare&#8221;, a ad\u0103ugat demnitarul.<\/p>\n<p>Ministrul Justi\u021biei a explicat c\u0103 gra\u021bierea a mai fost aplicat\u0103 \u00een anii 1998 \u0219i \u00een 2001, iar Rom\u00e2nia are \u00een prezent 19.000 de locuri de deten\u021bie, \u00eens\u0103 cu 28.000 de de\u021binu\u021bi.<\/p>\n<p>\u00centrebat dac\u0103 pre\u0219edintele PSD, Liviu Dragnea, ar putea fi unul dintre beneficiarii proiectului privind gra\u021bierea, Iordache a replicat: &#8220;\u00cen niciun caz. La dumnealui este suspendat\u0103 executarea. Legile \u0219i ordonan\u021bele nu se fac pentru persoane. Noi discut\u0103m de fapte. Dac\u0103 v\u0103 uita\u021bi foarte clar la faptele care sunt trecute, nu beneficiaz\u0103&#8221;.\n<\/p><\/div>\n<p> Source URL: https:\/\/observatornews.ro\/politic\/ministrul-justitiei-despre-protestele-impotriva-gratierii-oamenii-nu-sunt-informati-corect-196136.html<\/p>\n","protected":false},"excerpt":{"rendered":"<p>Ministrul Justi\u021biei, Florin Iordache, a afirmat miercuri c\u0103 oamenii care protesteaz\u0103 \u00een Capital\u0103 \u00eempotriva proiectului de ordonan\u021b\u0103 privind gra\u021bierea nu sunt informa\u021bi corect, motiv pentru care un secretar de stat va merge \u0219i va discuta cu cei afla\u021bi \u00een strad\u0103. Ministrul Justi\u021biei, Florin Iordache, a afirmat miercuri c\u0103 oamenii care protesteaz\u0103 \u00een Capital\u0103 \u00eempotriva proiectului [&hellip;]<\/p>\n","protected":false},"author":1,"featured_media":0,"comment_status":"open","ping_status":"","sticky":false,"template":"","format":"standard","meta":{"footnotes":""},"categories":[2],"tags":[30],"class_list":["post-368297","post","type-post","status-publish","format-standard","hentry","category-politics","tag-observatornews-ro"],"_links":{"self":[{"href":"https:\/\/analyse.optim.biz\/index.php?rest_route=\/wp\/v2\/posts\/368297","targetHints":{"allow":["GET"]}}],"collection":[{"href":"https:\/\/analyse.optim.biz\/index.php?rest_route=\/wp\/v2\/posts"}],"about":[{"href":"https:\/\/analyse.optim.biz\/index.php?rest_route=\/wp\/v2\/types\/post"}],"author":[{"embeddable":true,"href":"https:\/\/analyse.optim.biz\/index.php?rest_route=\/wp\/v2\/users\/1"}],"replies":[{"embeddable":true,"href":"https:\/\/analyse.optim.biz\/index.php?rest_route=%2Fwp%2Fv2%2Fcomments&post=368297"}],"version-history":[{"count":0,"href":"https:\/\/analyse.optim.biz\/index.php?rest_route=\/wp\/v2\/posts\/368297\/revisions"}],"wp:attachment":[{"href":"https:\/\/analyse.optim.biz\/index.php?rest_route=%2Fwp%2Fv2%2Fmedia&parent=368297"}],"wp:term":[{"taxonomy":"category","embeddable":true,"href":"https:\/\/analyse.optim.biz\/index.php?rest_route=%2Fwp%2Fv2%2Fcategories&post=368297"},{"taxonomy":"post_tag","embeddable":true,"href":"https:\/\/analyse.optim.biz\/index.php?rest_route=%2Fwp%2Fv2%2Ftags&post=368297"}],"curies":[{"name":"wp","href":"https:\/\/api.w.org\/{rel}","templated":true}]}}