{"id":368295,"date":"2017-01-18T20:50:00","date_gmt":"2017-01-18T17:50:00","guid":{"rendered":"https:\/\/analyse.optim.biz\/?p=368295"},"modified":"2017-01-18T20:50:00","modified_gmt":"2017-01-18T17:50:00","slug":"grindeanu-venirea-presedintelui-iohannis-in-guvern-nu-a-stopat-vreo-o-discutie-cele-doua-proiecte-nici-macar-nu-erau-pe-ordinea-de-zi","status":"publish","type":"post","link":"https:\/\/analyse.optim.biz\/?p=368295","title":{"rendered":"Grindeanu: &#8220;Venirea pre\u0219edintelui Iohannis \u00een Guvern nu a stopat vreo o discu\u021bie, cele dou\u0103 proiecte nici m\u0103car nu erau pe ordinea de zi&#8221;"},"content":{"rendered":"<div class=\"description\" data-key=\"description\">Sorin Grindeanu a catalogat ca fals\u0103 ipoteza c\u0103 venirea pre\u0219edintelui Klaus Iohannis \u00een Guvern a stopat o discu\u021bie privind cele dou\u0103 proiecte legate de gra\u021biere \u0219i modific\u0103rile Codurilor \u0219i a subliniat c\u0103 ele nici m\u0103car nu au fost pe ordinea de zi.<\/div>\n<div class=\"articleBody\" data-key=\"articleBody\">Sorin Grindeanu a catalogat ca fals\u0103 ipoteza c\u0103 venirea pre\u0219edintelui Klaus Iohannis \u00een Guvern a stopat o discu\u021bie privind cele dou\u0103 proiecte legate de gra\u021biere \u0219i modific\u0103rile Codurilor \u0219i a subliniat c\u0103 ele nici m\u0103car nu au fost pe ordinea de zi.<\/p>\n<p>\u201dAceste dou\u0103 propuneri, legate de gra\u021biere \u0219i modific\u0103rile Codurilor, nu erau pe ordinea de zi. Constitu\u021bional, Guvernul are drept s\u0103 dea Ordonan\u021be de Urgen\u021b\u0103. Nu Guvernul Grindeanu a inventat asta. Guvernul tehnocrat a dat ordonan\u021b\u0103 de modificare a Codului Penal. O s\u0103 vedem care este cea mai bun\u0103 variant\u0103. Poate fi prin OUG, poate fi prin Parlament, vom vedea care este cea mai bun\u0103 solu\u021bie. Ambele sunt legale\u201d a explicat Sorin Grindeanu, \u00eentr-o interven\u021bie telefonic\u0103 la Antena 3.\n<\/p><\/div>\n<p> Source URL: https:\/\/observatornews.ro\/politic\/grindeanu-venirea-presedintelui-klaus-iohannis-in-guvern-nu-a-stopat-o-discutie-privind-cele-doua-proiecte-nici-macar-nu-erau-pe-ordinea-de-zi-196138.html<\/p>\n","protected":false},"excerpt":{"rendered":"<p>Sorin Grindeanu a catalogat ca fals\u0103 ipoteza c\u0103 venirea pre\u0219edintelui Klaus Iohannis \u00een Guvern a stopat o discu\u021bie privind cele dou\u0103 proiecte legate de gra\u021biere \u0219i modific\u0103rile Codurilor \u0219i a subliniat c\u0103 ele nici m\u0103car nu au fost pe ordinea de zi. Sorin Grindeanu a catalogat ca fals\u0103 ipoteza c\u0103 venirea pre\u0219edintelui Klaus Iohannis \u00een [&hellip;]<\/p>\n","protected":false},"author":1,"featured_media":368296,"comment_status":"open","ping_status":"","sticky":false,"template":"","format":"standard","meta":{"footnotes":""},"categories":[2],"tags":[30],"class_list":["post-368295","post","type-post","status-publish","format-standard","has-post-thumbnail","hentry","category-politics","tag-observatornews-ro"],"_links":{"self":[{"href":"https:\/\/analyse.optim.biz\/index.php?rest_route=\/wp\/v2\/posts\/368295","targetHints":{"allow":["GET"]}}],"collection":[{"href":"https:\/\/analyse.optim.biz\/index.php?rest_route=\/wp\/v2\/posts"}],"about":[{"href":"https:\/\/analyse.optim.biz\/index.php?rest_route=\/wp\/v2\/types\/post"}],"author":[{"embeddable":true,"href":"https:\/\/analyse.optim.biz\/index.php?rest_route=\/wp\/v2\/users\/1"}],"replies":[{"embeddable":true,"href":"https:\/\/analyse.optim.biz\/index.php?rest_route=%2Fwp%2Fv2%2Fcomments&post=368295"}],"version-history":[{"count":0,"href":"https:\/\/analyse.optim.biz\/index.php?rest_route=\/wp\/v2\/posts\/368295\/revisions"}],"wp:featuredmedia":[{"embeddable":true,"href":"https:\/\/analyse.optim.biz\/index.php?rest_route=\/wp\/v2\/media\/368296"}],"wp:attachment":[{"href":"https:\/\/analyse.optim.biz\/index.php?rest_route=%2Fwp%2Fv2%2Fmedia&parent=368295"}],"wp:term":[{"taxonomy":"category","embeddable":true,"href":"https:\/\/analyse.optim.biz\/index.php?rest_route=%2Fwp%2Fv2%2Fcategories&post=368295"},{"taxonomy":"post_tag","embeddable":true,"href":"https:\/\/analyse.optim.biz\/index.php?rest_route=%2Fwp%2Fv2%2Ftags&post=368295"}],"curies":[{"name":"wp","href":"https:\/\/api.w.org\/{rel}","templated":true}]}}