{"id":368267,"date":"2017-01-20T17:10:01","date_gmt":"2017-01-20T14:10:01","guid":{"rendered":"https:\/\/analyse.optim.biz\/?p=368267"},"modified":"2017-01-20T17:10:01","modified_gmt":"2017-01-20T14:10:01","slug":"statele-unite-ale-americii-debutul-unei-noi-ere-era-donald-trump","status":"publish","type":"post","link":"https:\/\/analyse.optim.biz\/?p=368267","title":{"rendered":"Statele Unite ale Americii, debutul unei noi ere. Era Donald Trump"},"content":{"rendered":"<div class=\"description\" data-key=\"description\">\u00cen Statele Unite ale Americii are loc ceremonia de \u00eenvestire al celui de-al 45-lea pre\u015fedinte american, Donald Trump. E o ceremonie grandioas\u0103, la care particip\u0103 aproape un milion de oameni. Chiar \u015fi a\u015fa, de dou\u0103 ori mai pu\u0163ini dec\u00e2t la \u00eenvestirea fostului pre\u015fedinte, Barack Obama.<\/div>\n<div class=\"articleBody\" data-key=\"articleBody\">\u00cen Statele Unite ale Americii are loc ceremonia de \u00eenvestire al celui de-al 45-lea pre\u015fedinte american, Donald Trump. E o ceremonie grandioas\u0103, la care particip\u0103 aproape un milion de oameni. Chiar \u015fi a\u015fa, de dou\u0103 ori mai pu\u0163ini dec\u00e2t la \u00eenvestirea fostului pre\u015fedinte, Barack Obama.\n<\/div>\n<p> Source URL: https:\/\/observatornews.ro\/politic\/statele-unite-ale-americii-debutul-unei-noi-ere-era-donald-trump-196359.html<\/p>\n","protected":false},"excerpt":{"rendered":"<p>\u00cen Statele Unite ale Americii are loc ceremonia de \u00eenvestire al celui de-al 45-lea pre\u015fedinte american, Donald Trump. E o ceremonie grandioas\u0103, la care particip\u0103 aproape un milion de oameni. Chiar \u015fi a\u015fa, de dou\u0103 ori mai pu\u0163ini dec\u00e2t la \u00eenvestirea fostului pre\u015fedinte, Barack Obama. \u00cen Statele Unite ale Americii are loc ceremonia de \u00eenvestire [&hellip;]<\/p>\n","protected":false},"author":1,"featured_media":0,"comment_status":"open","ping_status":"","sticky":false,"template":"","format":"standard","meta":{"footnotes":""},"categories":[2],"tags":[30],"class_list":["post-368267","post","type-post","status-publish","format-standard","hentry","category-politics","tag-observatornews-ro"],"_links":{"self":[{"href":"https:\/\/analyse.optim.biz\/index.php?rest_route=\/wp\/v2\/posts\/368267","targetHints":{"allow":["GET"]}}],"collection":[{"href":"https:\/\/analyse.optim.biz\/index.php?rest_route=\/wp\/v2\/posts"}],"about":[{"href":"https:\/\/analyse.optim.biz\/index.php?rest_route=\/wp\/v2\/types\/post"}],"author":[{"embeddable":true,"href":"https:\/\/analyse.optim.biz\/index.php?rest_route=\/wp\/v2\/users\/1"}],"replies":[{"embeddable":true,"href":"https:\/\/analyse.optim.biz\/index.php?rest_route=%2Fwp%2Fv2%2Fcomments&post=368267"}],"version-history":[{"count":0,"href":"https:\/\/analyse.optim.biz\/index.php?rest_route=\/wp\/v2\/posts\/368267\/revisions"}],"wp:attachment":[{"href":"https:\/\/analyse.optim.biz\/index.php?rest_route=%2Fwp%2Fv2%2Fmedia&parent=368267"}],"wp:term":[{"taxonomy":"category","embeddable":true,"href":"https:\/\/analyse.optim.biz\/index.php?rest_route=%2Fwp%2Fv2%2Fcategories&post=368267"},{"taxonomy":"post_tag","embeddable":true,"href":"https:\/\/analyse.optim.biz\/index.php?rest_route=%2Fwp%2Fv2%2Ftags&post=368267"}],"curies":[{"name":"wp","href":"https:\/\/api.w.org\/{rel}","templated":true}]}}