{"id":368263,"date":"2017-01-20T17:32:30","date_gmt":"2017-01-20T14:32:30","guid":{"rendered":"https:\/\/analyse.optim.biz\/?p=368263"},"modified":"2017-01-20T17:32:30","modified_gmt":"2017-01-20T14:32:30","slug":"klaus-johannis-cere-retragerea-ordonantelor-privind-gratierea-si-modificarea-codurilor-penale","status":"publish","type":"post","link":"https:\/\/analyse.optim.biz\/?p=368263","title":{"rendered":"Klaus Johannis cere retragerea Ordonan\u021belor privind gra\u021bierea \u0219i modificarea Codurilor penale!"},"content":{"rendered":"<div class=\"description\" data-key=\"description\">Pre\u015fedintele Klaus Johannis cere Guvernului s\u0103 retrag\u0103 Ordonan\u021bele de Urgen\u021b\u0103 privind gra\u021bierea \u0219i modificarea Codurilor penale! Acela\u015fi \u00eendemn a venit din partea majoritatii parchetelor \u015fi structurilor din justi\u0163ie.<\/div>\n<div class=\"articleBody\" data-key=\"articleBody\">Pre\u015fedintele Klaus Johannis cere Guvernului s\u0103 retrag\u0103 Ordonan\u021bele de Urgen\u021b\u0103 privind gra\u021bierea \u0219i modificarea Codurilor penale! Acela\u015fi \u00eendemn a venit din partea majoritatii parchetelor \u015fi structurilor din justi\u0163ie.<\/p>\n<p>\u00centre timp, Administra\u0163ia Penitenciarelor a f\u0103cut calculele. Gra\u0163ierea care ar trebui s\u0103 elibereze penitenciarele supraaglomerate nu va rezolva problema nici pe jum\u0103tate.<\/p>\n<p>Mesajul pre\u015fedintelui Rom\u00e2niei a fost postat pe o re\u0163ea de socializare.\u00a0<\/p>\n<p>De miercuri, de c\u00e2nd \u015feful \u0163\u0103rii a luat fr\u00e2iele \u015fedin\u0163ei de Guvern \u00een m\u00e2ini, \u00eempiedic\u00e2ndu-i pe membrii Executivului s\u0103 introduc\u0103 pe ordinea de zi cele dou\u0103 proiecte, numeroase voci judiciare s-au opus modific\u0103rilor.<\/p>\n<p>Parchetul General, DNA \u015fi \u00cenalta Curte au ar\u0103tat c\u0103 urm\u0103rile ar fi extrem de periculoase. C\u00e2teva infrac\u0163iuni ar deveni complet nule iar denun\u0163ul, un instrument extrem de important \u00een anchetele penale, ar disp\u0103rea.\u00a0<\/p>\n<p>Argumentul ini\u0163iatorilor de proiect este aglomera\u0163ia din \u00eenchisori.<\/p>\n<p>Cele mai aglomerate penitenciare din \u0163ar\u0103 sunt la Satu Mare, T\u00e2rgu Mure\u015f \u015fi Ploie\u015fti dar eliberarea colectiv\u0103 ar pune la dispozi\u0163ie maximum 3700 de locuri.<\/p>\n<p>Ori deficitul spa\u0163iilor de cazare este de aproape 9000. Mai precis, aproape 28 000 de condamna\u0163i se \u00eenghesuie pe aproape 19 000 de locuri iar rata de recidiv\u0103 este de aproape 40%.\u00a0<\/p>\n<p>Parchetul General le-a amintit Guvernan\u0163ilor c\u0103 variante de termen lung ar fi, prin preluarea unor unit\u0103\u0163i militare dezafectate pe care ANP s\u0103 le transforme \u00een penitenciare. Numai anul trecut s-a negociat pe seama a 10 astfel de cl\u0103diri.\u00a0<\/p>\n<p>Pentru ca aceast\u0103 solu\u0163ie s\u0103 dea roade e nevoie de bani \u015fi de timp, spun \u015fefii penitenciarelor \u015fi nu e prima dat\u0103 c\u00e2nd se face o astfel de \u00eencercare.<\/p>\n<p>P\u00e2n\u0103 luni, \u015fi membri Consiliului Superior al Magistraturii au promis c\u0103 vor aborda o pozi\u0163ie oficial\u0103 asupra celor dou\u0103 proiecte at\u00e2t de discutate.<\/p>\n<p>Ministrul Justi\u0163iei nu va lua \u00een discu\u0163ie cererea pre\u015fedintelui \u00een absen\u0163a premierului, plecat la Washington.\u00a0\n<\/p><\/div>\n<p> Source URL: https:\/\/observatornews.ro\/politic\/presedintele-klaus-johannis-cere-guvernului-sa-retraga-ordonantele-de-urgenta-privind-gratierea-si-modificarea-codurilor-penale-196369.html<\/p>\n","protected":false},"excerpt":{"rendered":"<p>Pre\u015fedintele Klaus Johannis cere Guvernului s\u0103 retrag\u0103 Ordonan\u021bele de Urgen\u021b\u0103 privind gra\u021bierea \u0219i modificarea Codurilor penale! Acela\u015fi \u00eendemn a venit din partea majoritatii parchetelor \u015fi structurilor din justi\u0163ie. Pre\u015fedintele Klaus Johannis cere Guvernului s\u0103 retrag\u0103 Ordonan\u021bele de Urgen\u021b\u0103 privind gra\u021bierea \u0219i modificarea Codurilor penale! Acela\u015fi \u00eendemn a venit din partea majoritatii parchetelor \u015fi structurilor din [&hellip;]<\/p>\n","protected":false},"author":1,"featured_media":368264,"comment_status":"open","ping_status":"","sticky":false,"template":"","format":"standard","meta":{"footnotes":""},"categories":[2],"tags":[30],"class_list":["post-368263","post","type-post","status-publish","format-standard","has-post-thumbnail","hentry","category-politics","tag-observatornews-ro"],"_links":{"self":[{"href":"https:\/\/analyse.optim.biz\/index.php?rest_route=\/wp\/v2\/posts\/368263","targetHints":{"allow":["GET"]}}],"collection":[{"href":"https:\/\/analyse.optim.biz\/index.php?rest_route=\/wp\/v2\/posts"}],"about":[{"href":"https:\/\/analyse.optim.biz\/index.php?rest_route=\/wp\/v2\/types\/post"}],"author":[{"embeddable":true,"href":"https:\/\/analyse.optim.biz\/index.php?rest_route=\/wp\/v2\/users\/1"}],"replies":[{"embeddable":true,"href":"https:\/\/analyse.optim.biz\/index.php?rest_route=%2Fwp%2Fv2%2Fcomments&post=368263"}],"version-history":[{"count":0,"href":"https:\/\/analyse.optim.biz\/index.php?rest_route=\/wp\/v2\/posts\/368263\/revisions"}],"wp:featuredmedia":[{"embeddable":true,"href":"https:\/\/analyse.optim.biz\/index.php?rest_route=\/wp\/v2\/media\/368264"}],"wp:attachment":[{"href":"https:\/\/analyse.optim.biz\/index.php?rest_route=%2Fwp%2Fv2%2Fmedia&parent=368263"}],"wp:term":[{"taxonomy":"category","embeddable":true,"href":"https:\/\/analyse.optim.biz\/index.php?rest_route=%2Fwp%2Fv2%2Fcategories&post=368263"},{"taxonomy":"post_tag","embeddable":true,"href":"https:\/\/analyse.optim.biz\/index.php?rest_route=%2Fwp%2Fv2%2Ftags&post=368263"}],"curies":[{"name":"wp","href":"https:\/\/api.w.org\/{rel}","templated":true}]}}