{"id":368239,"date":"2017-01-22T19:59:00","date_gmt":"2017-01-22T16:59:00","guid":{"rendered":"https:\/\/analyse.optim.biz\/?p=368239"},"modified":"2017-01-22T19:59:00","modified_gmt":"2017-01-22T16:59:00","slug":"liviu-dragnea-despre-iesirea-presedintelui-iohannis-in-strada-l-am-gasit-in-fruntea-unei-noi-mineriade","status":"publish","type":"post","link":"https:\/\/analyse.optim.biz\/?p=368239","title":{"rendered":"Liviu Dragnea, despre ie\u015firea pre\u015fedintelui Iohannis \u00een strad\u0103: &#8220;L-am g\u0103sit \u00een fruntea unei noi mineriade&#8221;"},"content":{"rendered":"<div class=\"description\" data-key=\"description\">Pre\u015fedintele PSD \u015fi al Camerei Deputa\u0163ilor, Liviu Dragnea, a reac\u0163ionat pe contul personal de facebook dup\u0103 ce pre\u015fedintele Klaus Iohannis a participat la protestele din Bucure\u015fti \u00eempotriva ordonan\u0163ei gra\u0163ierii \u015fi amnistiei. Dragnea spune c\u0103 pre\u015fedintele \u0163\u0103rii s-a aflat \u00een fruntea unei noi mineriade.<\/div>\n<div class=\"articleBody\" data-key=\"articleBody\">Pre\u015fedintele PSD \u015fi al Camerei Deputa\u0163ilor, Liviu Dragnea, a reac\u0163ionat pe contul personal de facebook dup\u0103 ce pre\u015fedintele Klaus Iohannis a participat la protestele din Bucure\u015fti \u00eempotriva ordonan\u0163ei gra\u0163ierii \u015fi amnistiei. Dragnea spune c\u0103 pre\u015fedintele \u0163\u0103rii s-a aflat \u00een fruntea unei noi mineriade.<\/p>\n<p>&#8220;M-am \u00eentors de la instalarea pre\u0219edintelui Americii \u0219i l-am g\u0103sit pe pre\u0219edintele Rom\u00e2niei \u00een fruntea unei noi mineriade, o manifesta\u021bie neautorizat\u0103, \u00eempotriva guvernului Rom\u00e2niei, \u00eempotriva ordinii constitu\u021bionale \u0219i \u00eempotriva votului popular din 11 decembrie, sabot\u00e2nd legalitatea care st\u0103 la baza statului de drept.<\/p>\n<p>Pre\u0219edintele \u021b\u0103rii s-a situat azi \u00een afara legii, viz\u00e2nd avantaje politice personale \u0219i cer\u00e2nd abera\u021bii constitu\u021bionale: retragerea unor ordonan\u021be, mai ales a unora care nu au fost date.<\/p>\n<p>E un \u00eenceput de lovitur\u0103 de stat. De fapt, pre\u0219edintele Iohannis vrea, a\u0219a cum a vrut \u0219i fostul pre\u0219edinte B\u0103sescu, s\u0103 pun\u0103 \u00een c\u0103tu\u0219e puterea legitimat\u0103 prin votul democratic. Vrea ca \u00een continuare Rom\u00e2nia s\u0103 fie condus\u0103 de institu\u021bii f\u0103r\u0103 legitimitate democratic\u0103, prin teroare, iar rom\u00e2nii s\u0103 r\u0103m\u00e2n\u0103 prizonierii unor puteri nealese.<\/p>\n<p>Am spus \u00een campanie c\u0103 vreau ca rom\u00e2nii s\u0103 tr\u0103iasc\u0103 liberi \u00een \u021bara lor, f\u0103r\u0103 teama c\u0103 sunt asculta\u021bi, urm\u0103ri\u021bi, h\u0103itui\u021bi, \u0219antaja\u021bi \u0219i nedrept\u0103\u021bi\u021bi. Nu-mi iau cuvintele \u00eenapoi. Sus\u021bin ac\u021biunile \u00eempotriva corup\u021biei, dar \u00eempotriva adev\u0103ratei corup\u021bii.<\/p>\n<p>Ast\u0103 sear\u0103 am solicitat Ministrului de Interne s\u0103 retrag\u0103 jandarmii din fa\u021ba sediului PSD, fiindc\u0103 eu consider c\u0103 PSD n-are motive s\u0103 fie ap\u0103rat. PSD e ap\u0103rat de ideile lui politice, de programul de guvernare \u0219i de suportul popular.<br \/>\n\u00cei asigur pe rom\u00e2ni c\u0103 nu-i voi mai permite pre\u0219edintelui Iohannis s\u0103 r\u0103stoarne ordinea constitu\u021bional\u0103, s\u0103 uzurpe calit\u0103\u021bi oficiale intr\u00e2nd abuziv \u00een \u0219edin\u021bele de guvern sau s\u0103 incite la dezordine social\u0103 \u0219i violen\u021b\u0103.<\/p>\n<p>Vreau ca programul de guvernare s\u0103 fie pus \u00een practic\u0103 \u00een totalitate. Dincolo de jocul politic egoist al pre\u0219edintelui Iohannis, via\u021ba rom\u00e2nilor are nevoie de bun\u0103stare \u0219i siguran\u021b\u0103.&#8221;<\/p>\n<\/div>\n<p> Source URL: https:\/\/observatornews.ro\/politic\/liviu-dragnea-despre-iesirea-presedintelui-iohannis-in-strada-lam-gasit-in-fruntea-unei-noi-mineriade-196543.html<\/p>\n","protected":false},"excerpt":{"rendered":"<p>Pre\u015fedintele PSD \u015fi al Camerei Deputa\u0163ilor, Liviu Dragnea, a reac\u0163ionat pe contul personal de facebook dup\u0103 ce pre\u015fedintele Klaus Iohannis a participat la protestele din Bucure\u015fti \u00eempotriva ordonan\u0163ei gra\u0163ierii \u015fi amnistiei. Dragnea spune c\u0103 pre\u015fedintele \u0163\u0103rii s-a aflat \u00een fruntea unei noi mineriade. Pre\u015fedintele PSD \u015fi al Camerei Deputa\u0163ilor, Liviu Dragnea, a reac\u0163ionat pe contul [&hellip;]<\/p>\n","protected":false},"author":1,"featured_media":368240,"comment_status":"open","ping_status":"","sticky":false,"template":"","format":"standard","meta":{"footnotes":""},"categories":[2],"tags":[30],"class_list":["post-368239","post","type-post","status-publish","format-standard","has-post-thumbnail","hentry","category-politics","tag-observatornews-ro"],"_links":{"self":[{"href":"https:\/\/analyse.optim.biz\/index.php?rest_route=\/wp\/v2\/posts\/368239","targetHints":{"allow":["GET"]}}],"collection":[{"href":"https:\/\/analyse.optim.biz\/index.php?rest_route=\/wp\/v2\/posts"}],"about":[{"href":"https:\/\/analyse.optim.biz\/index.php?rest_route=\/wp\/v2\/types\/post"}],"author":[{"embeddable":true,"href":"https:\/\/analyse.optim.biz\/index.php?rest_route=\/wp\/v2\/users\/1"}],"replies":[{"embeddable":true,"href":"https:\/\/analyse.optim.biz\/index.php?rest_route=%2Fwp%2Fv2%2Fcomments&post=368239"}],"version-history":[{"count":0,"href":"https:\/\/analyse.optim.biz\/index.php?rest_route=\/wp\/v2\/posts\/368239\/revisions"}],"wp:featuredmedia":[{"embeddable":true,"href":"https:\/\/analyse.optim.biz\/index.php?rest_route=\/wp\/v2\/media\/368240"}],"wp:attachment":[{"href":"https:\/\/analyse.optim.biz\/index.php?rest_route=%2Fwp%2Fv2%2Fmedia&parent=368239"}],"wp:term":[{"taxonomy":"category","embeddable":true,"href":"https:\/\/analyse.optim.biz\/index.php?rest_route=%2Fwp%2Fv2%2Fcategories&post=368239"},{"taxonomy":"post_tag","embeddable":true,"href":"https:\/\/analyse.optim.biz\/index.php?rest_route=%2Fwp%2Fv2%2Ftags&post=368239"}],"curies":[{"name":"wp","href":"https:\/\/api.w.org\/{rel}","templated":true}]}}