{"id":368045,"date":"2017-01-26T11:32:23","date_gmt":"2017-01-26T08:32:23","guid":{"rendered":"https:\/\/analyse.optim.biz\/?p=368045"},"modified":"2017-01-26T11:32:23","modified_gmt":"2017-01-26T08:32:23","slug":"referendumul-propus-de-presedintele-iohannis-isi-asteapta-data-in-care-va-fi-votat-in-plenul-parlamentului-video","status":"publish","type":"post","link":"https:\/\/analyse.optim.biz\/?p=368045","title":{"rendered":"Referendumul propus de pre\u015fedintele Iohannis \u00ee\u015fi a\u015fteapt\u0103 data \u00een care va fi votat \u00een plenul Parlamentului (VIDEO)"},"content":{"rendered":"<div class=\"description\" data-key=\"description\">Referendumul propus de Klaus Iohannis creaz\u0103 haos \u00een continuare. Abia m\u00e2ine, Parlamentul va decide c\u00e2nd va fi supus\u0103 votului plenului solicitarea pre\u015fedintelui.<\/div>\n<div class=\"articleBody\" data-key=\"articleBody\">Referendumul propus de Klaus Iohannis creaz\u0103 haos \u00een continuare. Abia m\u00e2ine, Parlamentul va decide c\u00e2nd va fi supus\u0103 votului plenului solicitarea pre\u015fedintelui.<\/p>\n<\/div>\n<p> Source URL: https:\/\/observatornews.ro\/politic\/se-va-decide-data-in-care-plenul-voteaza-solicitarea-presedintelui-196996.html<\/p>\n","protected":false},"excerpt":{"rendered":"<p>Referendumul propus de Klaus Iohannis creaz\u0103 haos \u00een continuare. Abia m\u00e2ine, Parlamentul va decide c\u00e2nd va fi supus\u0103 votului plenului solicitarea pre\u015fedintelui. Referendumul propus de Klaus Iohannis creaz\u0103 haos \u00een continuare. Abia m\u00e2ine, Parlamentul va decide c\u00e2nd va fi supus\u0103 votului plenului solicitarea pre\u015fedintelui. Source URL: https:\/\/observatornews.ro\/politic\/se-va-decide-data-in-care-plenul-voteaza-solicitarea-presedintelui-196996.html<\/p>\n","protected":false},"author":1,"featured_media":0,"comment_status":"open","ping_status":"","sticky":false,"template":"","format":"standard","meta":{"footnotes":""},"categories":[2],"tags":[30],"class_list":["post-368045","post","type-post","status-publish","format-standard","hentry","category-politics","tag-observatornews-ro"],"_links":{"self":[{"href":"https:\/\/analyse.optim.biz\/index.php?rest_route=\/wp\/v2\/posts\/368045","targetHints":{"allow":["GET"]}}],"collection":[{"href":"https:\/\/analyse.optim.biz\/index.php?rest_route=\/wp\/v2\/posts"}],"about":[{"href":"https:\/\/analyse.optim.biz\/index.php?rest_route=\/wp\/v2\/types\/post"}],"author":[{"embeddable":true,"href":"https:\/\/analyse.optim.biz\/index.php?rest_route=\/wp\/v2\/users\/1"}],"replies":[{"embeddable":true,"href":"https:\/\/analyse.optim.biz\/index.php?rest_route=%2Fwp%2Fv2%2Fcomments&post=368045"}],"version-history":[{"count":0,"href":"https:\/\/analyse.optim.biz\/index.php?rest_route=\/wp\/v2\/posts\/368045\/revisions"}],"wp:attachment":[{"href":"https:\/\/analyse.optim.biz\/index.php?rest_route=%2Fwp%2Fv2%2Fmedia&parent=368045"}],"wp:term":[{"taxonomy":"category","embeddable":true,"href":"https:\/\/analyse.optim.biz\/index.php?rest_route=%2Fwp%2Fv2%2Fcategories&post=368045"},{"taxonomy":"post_tag","embeddable":true,"href":"https:\/\/analyse.optim.biz\/index.php?rest_route=%2Fwp%2Fv2%2Ftags&post=368045"}],"curies":[{"name":"wp","href":"https:\/\/api.w.org\/{rel}","templated":true}]}}