{"id":368010,"date":"2017-01-26T13:33:00","date_gmt":"2017-01-26T10:33:00","guid":{"rendered":"https:\/\/analyse.optim.biz\/?p=368010"},"modified":"2017-01-26T13:33:00","modified_gmt":"2017-01-26T10:33:00","slug":"liberalii-propun-o-comisie-parlamentara-privind-situatia-din-penitenciare","status":"publish","type":"post","link":"https:\/\/analyse.optim.biz\/?p=368010","title":{"rendered":"Liberalii propun o comisie parlamentar\u0103 privind situa\u0163ia din penitenciare"},"content":{"rendered":"<div class=\"description\" data-key=\"description\">Partidul Na\u021bional Liberal va propune organizarea \u00een Parlament a unei comisii privind situa\u021bia din penitenciare \u0219i va depune, la dezbaterea pe buget, amendamente pentru \u00eembun\u0103t\u0103\u021birea condi\u021biilor de deten\u021bie, a anun\u021bat joi\u00a0pre\u0219edintele interimar al PNL, Raluca Turcan.<\/div>\n<div class=\"articleBody\" data-key=\"articleBody\">Partidul Na\u021bional Liberal va propune organizarea \u00een Parlament a unei comisii privind situa\u021bia din penitenciare \u0219i va depune, la dezbaterea pe buget, amendamente pentru \u00eembun\u0103t\u0103\u021birea condi\u021biilor de deten\u021bie, a anun\u021bat joi\u00a0pre\u0219edintele interimar al PNL, Raluca Turcan.<\/p>\n<p>Ea a argumentat decizia partidului prin faptul c\u0103 situa\u021bia din penitenciare &#8220;ridic\u0103 probleme \u0219i \u00eengrijoreaz\u0103 cu privire la respectarea drepturilor omului&#8221;.<\/p>\n<p>&#8220;Vom urm\u0103ri dublarea banilor aloca\u021bi pentru norma de hran\u0103, alocarea de fonduri pentru br\u0103\u021b\u0103rile electronice ale de\u021binu\u021bilor, investi\u021bii \u00een penitenciare \u0219i pentru suplimentarea personalului de proba\u021biune cu 500 de locuri. \u00cen momentul de fa\u021b\u0103 sunt doar 360 de persoane \u00een r\u00e2ndul personalului de proba\u021biune \u0219i necesarul de personal este de 500, inclusiv cele 180 de locuri pe care le au \u00een vedere a le suplimenta, \u00eens\u0103 nu sunt bugetate&#8221;, a spus Turcan.<\/p>\n<p>Liderul PNL sus\u021bine c\u0103 reprezentan\u021bii PSD, de\u0219i vorbesc despre situa\u021bia din penitenciare, &#8220;nu au f\u0103cut niciun demers pentru a suplimenta banii aloca\u021bi \u00eembun\u0103t\u0103\u021birii condi\u021biilor de deten\u021bie&#8221;.\n<\/p><\/div>\n<p> Source URL: https:\/\/observatornews.ro\/politic\/propunere-pnl-situatie-penitenciare-197020.html<\/p>\n","protected":false},"excerpt":{"rendered":"<p>Partidul Na\u021bional Liberal va propune organizarea \u00een Parlament a unei comisii privind situa\u021bia din penitenciare \u0219i va depune, la dezbaterea pe buget, amendamente pentru \u00eembun\u0103t\u0103\u021birea condi\u021biilor de deten\u021bie, a anun\u021bat joi\u00a0pre\u0219edintele interimar al PNL, Raluca Turcan. Partidul Na\u021bional Liberal va propune organizarea \u00een Parlament a unei comisii privind situa\u021bia din penitenciare \u0219i va depune, la [&hellip;]<\/p>\n","protected":false},"author":1,"featured_media":0,"comment_status":"open","ping_status":"","sticky":false,"template":"","format":"standard","meta":{"footnotes":""},"categories":[2],"tags":[30],"class_list":["post-368010","post","type-post","status-publish","format-standard","hentry","category-politics","tag-observatornews-ro"],"_links":{"self":[{"href":"https:\/\/analyse.optim.biz\/index.php?rest_route=\/wp\/v2\/posts\/368010","targetHints":{"allow":["GET"]}}],"collection":[{"href":"https:\/\/analyse.optim.biz\/index.php?rest_route=\/wp\/v2\/posts"}],"about":[{"href":"https:\/\/analyse.optim.biz\/index.php?rest_route=\/wp\/v2\/types\/post"}],"author":[{"embeddable":true,"href":"https:\/\/analyse.optim.biz\/index.php?rest_route=\/wp\/v2\/users\/1"}],"replies":[{"embeddable":true,"href":"https:\/\/analyse.optim.biz\/index.php?rest_route=%2Fwp%2Fv2%2Fcomments&post=368010"}],"version-history":[{"count":0,"href":"https:\/\/analyse.optim.biz\/index.php?rest_route=\/wp\/v2\/posts\/368010\/revisions"}],"wp:attachment":[{"href":"https:\/\/analyse.optim.biz\/index.php?rest_route=%2Fwp%2Fv2%2Fmedia&parent=368010"}],"wp:term":[{"taxonomy":"category","embeddable":true,"href":"https:\/\/analyse.optim.biz\/index.php?rest_route=%2Fwp%2Fv2%2Fcategories&post=368010"},{"taxonomy":"post_tag","embeddable":true,"href":"https:\/\/analyse.optim.biz\/index.php?rest_route=%2Fwp%2Fv2%2Ftags&post=368010"}],"curies":[{"name":"wp","href":"https:\/\/api.w.org\/{rel}","templated":true}]}}