{"id":368008,"date":"2017-01-27T13:00:00","date_gmt":"2017-01-27T10:00:00","guid":{"rendered":"https:\/\/analyse.optim.biz\/?p=368008"},"modified":"2017-01-27T13:00:00","modified_gmt":"2017-01-27T10:00:00","slug":"predoiu-cere-clarificari-cu-privire-la-vizita-lui-dragnea-in-sua-liberalii-vor-sa-afle-cine-a-suportat-cheltuielile","status":"publish","type":"post","link":"https:\/\/analyse.optim.biz\/?p=368008","title":{"rendered":"Predoiu cere clarific\u0103ri cu privire la vizita lui Dragnea \u00een SUA! Liberalii vor s\u0103 afle cine a suportat cheltuielile"},"content":{"rendered":"<div class=\"description\" data-key=\"description\">PNL a solicitat, vineri, \u00een \u0219edin\u021ba Biroului permanent, clarific\u0103ri \u00een leg\u0103tur\u0103 cu vizita lui\u00a0Liviu Dragnea, \u00een Statele Unite. Liberalii vor s\u0103 afle dac\u0103 acesta a avut mandat de reprezentare din partea Camerei \u0219i cine a pl\u0103tit pentru vizita peste ocean, a declarat vicepre\u0219edintele forului legislativ, C\u0103t\u0103lin Predoiu.<\/div>\n<div class=\"articleBody\" data-key=\"articleBody\">PNL a solicitat, vineri, \u00een \u0219edin\u021ba Biroului permanent, clarific\u0103ri \u00een leg\u0103tur\u0103 cu vizita lui\u00a0Liviu Dragnea, \u00een Statele Unite. Liberalii vor s\u0103 afle dac\u0103 acesta a avut mandat de reprezentare din partea Camerei \u0219i cine a pl\u0103tit pentru vizita peste ocean, a declarat vicepre\u0219edintele forului legislativ, C\u0103t\u0103lin Predoiu.<\/p>\n<p>&#8220;Ast\u0103zi, \u00een \u0219edin\u021ba Biroului permanent al Camerei Deputa\u021bilor, am solicitat \u00een numele grupului parlamentar PNL s\u0103 se clarifice dac\u0103 domnul Dragnea a avut un mandat de reprezentare din partea Camerei Deputa\u021bilor cu ocazia vizitei pe care a desf\u0103\u0219urat-o \u00een Statele Unite, \u00een perioada 17-21 ianuarie&#8221;, a afirmat Predoiu dup\u0103 \u0219edin\u021ba conducerii Camerei.<\/p>\n<p>Predoiu a precizat c\u0103 liberalii vor s\u0103 \u0219tie dac\u0103 Liviu Dragnea a fost ca reprezentat al Camerei Deputa\u021bilor, a\u0219a cum este prev\u0103zut \u00een Regulament, \u0219i cine a suportat aceste cheltuieli.<\/p>\n<p>&#8220;S-a stabilit ca aceast\u0103 discu\u021bie s\u0103 aib\u0103 loc la viitorul Birou permanent al Camerei Deputa\u021bilor, c\u00e2nd vom primi \u0219i r\u0103spunsurile din partea pre\u0219edintelui Camerei \u0219i a staff-ului Camerei Deputa\u021bilor. A\u0219tept\u0103m cu interes aceste explica\u021bii pentru c\u0103 este interesat\u0103 \u0219i opinia public\u0103, nu numai PNL, ca lucrurile s\u0103 fie transparente \u0219i ca ceea ce s-a promis de c\u0103tre pre\u0219edintele Camerei, domnul Dragnea, respectiv o activitate profesionist\u0103 \u0219i transparent\u0103 a Camerei Deputa\u021bilor, s\u0103 devin\u0103 o realitate&#8221;, a ad\u0103ugat Predoiu.\n<\/p><\/div>\n<p> Source URL: https:\/\/observatornews.ro\/politic\/predoi-cere-clarificari-cu-privire-la-vizita-lui-dragnea-in-sua-197147.html<\/p>\n","protected":false},"excerpt":{"rendered":"<p>PNL a solicitat, vineri, \u00een \u0219edin\u021ba Biroului permanent, clarific\u0103ri \u00een leg\u0103tur\u0103 cu vizita lui\u00a0Liviu Dragnea, \u00een Statele Unite. Liberalii vor s\u0103 afle dac\u0103 acesta a avut mandat de reprezentare din partea Camerei \u0219i cine a pl\u0103tit pentru vizita peste ocean, a declarat vicepre\u0219edintele forului legislativ, C\u0103t\u0103lin Predoiu. PNL a solicitat, vineri, \u00een \u0219edin\u021ba Biroului permanent, [&hellip;]<\/p>\n","protected":false},"author":1,"featured_media":0,"comment_status":"open","ping_status":"","sticky":false,"template":"","format":"standard","meta":{"footnotes":""},"categories":[2],"tags":[30],"class_list":["post-368008","post","type-post","status-publish","format-standard","hentry","category-politics","tag-observatornews-ro"],"_links":{"self":[{"href":"https:\/\/analyse.optim.biz\/index.php?rest_route=\/wp\/v2\/posts\/368008","targetHints":{"allow":["GET"]}}],"collection":[{"href":"https:\/\/analyse.optim.biz\/index.php?rest_route=\/wp\/v2\/posts"}],"about":[{"href":"https:\/\/analyse.optim.biz\/index.php?rest_route=\/wp\/v2\/types\/post"}],"author":[{"embeddable":true,"href":"https:\/\/analyse.optim.biz\/index.php?rest_route=\/wp\/v2\/users\/1"}],"replies":[{"embeddable":true,"href":"https:\/\/analyse.optim.biz\/index.php?rest_route=%2Fwp%2Fv2%2Fcomments&post=368008"}],"version-history":[{"count":0,"href":"https:\/\/analyse.optim.biz\/index.php?rest_route=\/wp\/v2\/posts\/368008\/revisions"}],"wp:attachment":[{"href":"https:\/\/analyse.optim.biz\/index.php?rest_route=%2Fwp%2Fv2%2Fmedia&parent=368008"}],"wp:term":[{"taxonomy":"category","embeddable":true,"href":"https:\/\/analyse.optim.biz\/index.php?rest_route=%2Fwp%2Fv2%2Fcategories&post=368008"},{"taxonomy":"post_tag","embeddable":true,"href":"https:\/\/analyse.optim.biz\/index.php?rest_route=%2Fwp%2Fv2%2Ftags&post=368008"}],"curies":[{"name":"wp","href":"https:\/\/api.w.org\/{rel}","templated":true}]}}