{"id":367887,"date":"2017-02-01T05:00:00","date_gmt":"2017-02-01T02:00:00","guid":{"rendered":"https:\/\/analyse.optim.biz\/?p=367887"},"modified":"2017-02-01T05:00:00","modified_gmt":"2017-02-01T02:00:00","slug":"reportaj-reuters-la-protestul-din-bucuresti-vreau-sa-se-anuleze-ordonanta-video-galerie-foto","status":"publish","type":"post","link":"https:\/\/analyse.optim.biz\/?p=367887","title":{"rendered":"Reportaj Reuters la protestul din Bucure\u015fti. &#8220;Vreau s\u0103 se anuleze ordonan\u0163a!&#8221; (VIDEO, GALERIE FOTO)"},"content":{"rendered":"<div class=\"description\" data-key=\"description\">Un amplu reportaj video a fost f\u0103cut de agen\u0163ia Reuters la protestul din Bucure\u015fti, din fa\u0163a Palatului Victoria. Imaginile surprind momente tensionate \u015fi manifesta\u0163i indigna\u0163i de decizia guvernului de a adopta legea gra\u0163ierii \u015fi modificarea codurilor penale.<\/div>\n<div class=\"articleBody\" data-key=\"articleBody\">Un amplu reportaj video a fost f\u0103cut de agen\u0163ia Reuters la protestul din Bucure\u015fti, din fa\u0163a Palatului Victoria. Imaginile surprind momente tensionate \u015fi manifesta\u0163i indigna\u0163i de decizia guvernului de a adopta legea gra\u0163ierii \u015fi modificarea codurilor penale.<\/p>\n<p>Scene tensionate au fost filmate de agen\u0163ia Reuters, la protestul din Pia\u0163a Victoriei. Imaginile surprind protestatari furio\u015fi care \u00eencearc\u0103 s\u0103 for\u0163eze gardul din fa\u0163a Palatului Victoria. Al\u0163ii au scandat demisia guvernului Grindeanu.<\/p>\n<p>&#8220;Vreau s\u0103 se anuleze ordonan\u0163a!&#8221;, spune unul dintre protestatari.<\/p>\n<p>&#8220;Noul guvern de st\u00e2nga al Rom\u00e2niei a decis mar\u0163i noapte dezincriminarea unor fapte de corup\u0163ie, inclusiv cazurile de abuz de putere, prin ceea ce reprezint\u0103 cel mai mare recul al reformelor anti-corup\u0163ie de la aderarea \u0163\u0103rii ex-comuniste la UE, \u00een urm\u0103 cu 10 ani&#8221;, spune Reuters.\n<\/p><\/div>\n<p> Source URL: https:\/\/observatornews.ro\/politic\/reportaj-reuters-la-protestul-din-bucuresti-vreau-sa-se-anuleze-ordonanta-video-galerie-foto-197688.html<\/p>\n","protected":false},"excerpt":{"rendered":"<p>Un amplu reportaj video a fost f\u0103cut de agen\u0163ia Reuters la protestul din Bucure\u015fti, din fa\u0163a Palatului Victoria. Imaginile surprind momente tensionate \u015fi manifesta\u0163i indigna\u0163i de decizia guvernului de a adopta legea gra\u0163ierii \u015fi modificarea codurilor penale. Un amplu reportaj video a fost f\u0103cut de agen\u0163ia Reuters la protestul din Bucure\u015fti, din fa\u0163a Palatului Victoria. [&hellip;]<\/p>\n","protected":false},"author":1,"featured_media":0,"comment_status":"open","ping_status":"","sticky":false,"template":"","format":"standard","meta":{"footnotes":""},"categories":[2],"tags":[30],"class_list":["post-367887","post","type-post","status-publish","format-standard","hentry","category-politics","tag-observatornews-ro"],"_links":{"self":[{"href":"https:\/\/analyse.optim.biz\/index.php?rest_route=\/wp\/v2\/posts\/367887","targetHints":{"allow":["GET"]}}],"collection":[{"href":"https:\/\/analyse.optim.biz\/index.php?rest_route=\/wp\/v2\/posts"}],"about":[{"href":"https:\/\/analyse.optim.biz\/index.php?rest_route=\/wp\/v2\/types\/post"}],"author":[{"embeddable":true,"href":"https:\/\/analyse.optim.biz\/index.php?rest_route=\/wp\/v2\/users\/1"}],"replies":[{"embeddable":true,"href":"https:\/\/analyse.optim.biz\/index.php?rest_route=%2Fwp%2Fv2%2Fcomments&post=367887"}],"version-history":[{"count":0,"href":"https:\/\/analyse.optim.biz\/index.php?rest_route=\/wp\/v2\/posts\/367887\/revisions"}],"wp:attachment":[{"href":"https:\/\/analyse.optim.biz\/index.php?rest_route=%2Fwp%2Fv2%2Fmedia&parent=367887"}],"wp:term":[{"taxonomy":"category","embeddable":true,"href":"https:\/\/analyse.optim.biz\/index.php?rest_route=%2Fwp%2Fv2%2Fcategories&post=367887"},{"taxonomy":"post_tag","embeddable":true,"href":"https:\/\/analyse.optim.biz\/index.php?rest_route=%2Fwp%2Fv2%2Ftags&post=367887"}],"curies":[{"name":"wp","href":"https:\/\/api.w.org\/{rel}","templated":true}]}}