{"id":367858,"date":"2017-02-01T07:45:00","date_gmt":"2017-02-01T04:45:00","guid":{"rendered":"https:\/\/analyse.optim.biz\/?p=367858"},"modified":"2017-02-01T07:45:00","modified_gmt":"2017-02-01T04:45:00","slug":"liviu-dragnea-lipseste-de-la-sedinta-conducerii-parlamentului-proteste-ale-senatorilor-si-deputatilor-usr","status":"publish","type":"post","link":"https:\/\/analyse.optim.biz\/?p=367858","title":{"rendered":"Liviu Dragnea lipse\u015fte de la \u015fedin\u0163a conducerii Parlamentului. Proteste ale senatorilor \u015fi deputa\u0163ilor USR"},"content":{"rendered":"<div class=\"description\" data-key=\"description\">\u015eedin\u0163a Birourilor Permanente Reunite \u00een care se stabile\u015fte calendarul pentru dezbaterea \u015fi votarea proiectului de buget de stat pe anul 2017 a \u00eenceput miercuri diminea\u0163a, pre\u015fedintele Camerei Deputa\u0163ilor, Liviu Dragnea, lipsind de la reunirea conducerii Parlamentului.<\/div>\n<div class=\"articleBody\" data-key=\"articleBody\">\u015eedin\u0163a Birourilor Permanente Reunite \u00een care se stabile\u015fte calendarul pentru dezbaterea \u015fi votarea proiectului de buget de stat pe anul 2017 a \u00eenceput miercuri diminea\u0163a, pre\u015fedintele Camerei Deputa\u0163ilor, Liviu Dragnea, lipsind de la reunirea conducerii Parlamentului.<\/p>\n<p>De asemenea, parlamentarii USR, \u00een frunte cu Nicu\u015for Dan, au venit cu pancarte pe care era afi\u015fat mesajul \u201eRu\u015fine\u201d, \u00een semn de protest fa\u0163\u0103 de deciziile Guvernului de a adopta ordonan\u0163a de urgen\u0163\u0103 privind modificarea Codurilor penale \u015fi trimiterea \u00een Parlament a proiectului de lege care vizeaz\u0103 gra\u0163ierea.<\/p>\n<p>Secretarul Camerei Deputa\u0163ilor Cristian Ghinea (USR) face live text pe Facebook din \u015fedin\u0163a Birourilor permanente reunite ale Parlamentului, spun\u00e2nd c\u0103 este \u201dcirc\u201d, C\u0103lin Popescu T\u0103riceanu e \u201disterizat\u201d, se strig\u0103 la membrii opozi\u0163iei \u201de\u015fti un jegos\u201d.<\/p>\n<p>\u201dSunt \u00een \u015fedin\u0163a Birourilor Permanente Reunite ale Camerelor. Colegii mei din grupul USR ne-au \u00eenso\u0163it p\u00e2n\u0103 la u\u015f\u0103 cu pancarte pe care scrie RU\u015eINE! \u015eerban Nicolae ne-a amenin\u0163at, foarte nervos\u201d, scrie Cristian Ghinea pe pagina sa de Facebook.<\/p>\n<p>Ghinea relateaz\u0103 c\u0103 \u00een \u015fedin\u0163a BPR \u015eerban Nicolae (PSD) a luat cuv\u00e2ntul s\u0103 spun\u0103 c\u0103 ni\u015fte cet\u0103\u0163eni se comport\u0103 reprobabil.<\/p>\n<p>\u201dAm cerut drept la replic\u0103 spun\u00e2nd c\u0103 cet\u0103\u0163enii sunt parlamentari \u015fi c\u0103 el de fapt s-a comportat gol\u0103ne\u015fte. T\u0103riceanu ne \u0163ine apoi lec\u0163ii c\u0103nu avem cultur\u0103 politic\u0103. Nicu\u015for Dan a cerut cuv\u00e2ntul \u015fi a spus: \u00cemi \u00eensu\u015fesc total criticile aduse de colegii mei, sunte\u0163i ni\u015fte HO\u0162I. T\u0103riceanu isterizat, scandal, aproape le\u015finuri la pesedi\u015fti. \u00abE\u015fti un jegos\u00bb se strig\u0103 c\u0103tre noi. Circ. Preten\u0163iile de civilitate, aruncate la gunoi de borfa\u015fi\u201d, mai scrie Ghinea.\n<\/p><\/div>\n<p> Source URL: https:\/\/observatornews.ro\/politic\/liviu-dragnea-lipseste-de-la-sedinta-conducerii-parlamentului-proteste-ale-senatorilor-si-deputatilor-usr-197711.html<\/p>\n","protected":false},"excerpt":{"rendered":"<p>\u015eedin\u0163a Birourilor Permanente Reunite \u00een care se stabile\u015fte calendarul pentru dezbaterea \u015fi votarea proiectului de buget de stat pe anul 2017 a \u00eenceput miercuri diminea\u0163a, pre\u015fedintele Camerei Deputa\u0163ilor, Liviu Dragnea, lipsind de la reunirea conducerii Parlamentului. \u015eedin\u0163a Birourilor Permanente Reunite \u00een care se stabile\u015fte calendarul pentru dezbaterea \u015fi votarea proiectului de buget de stat pe [&hellip;]<\/p>\n","protected":false},"author":1,"featured_media":367859,"comment_status":"open","ping_status":"","sticky":false,"template":"","format":"standard","meta":{"footnotes":""},"categories":[2],"tags":[30],"class_list":["post-367858","post","type-post","status-publish","format-standard","has-post-thumbnail","hentry","category-politics","tag-observatornews-ro"],"_links":{"self":[{"href":"https:\/\/analyse.optim.biz\/index.php?rest_route=\/wp\/v2\/posts\/367858","targetHints":{"allow":["GET"]}}],"collection":[{"href":"https:\/\/analyse.optim.biz\/index.php?rest_route=\/wp\/v2\/posts"}],"about":[{"href":"https:\/\/analyse.optim.biz\/index.php?rest_route=\/wp\/v2\/types\/post"}],"author":[{"embeddable":true,"href":"https:\/\/analyse.optim.biz\/index.php?rest_route=\/wp\/v2\/users\/1"}],"replies":[{"embeddable":true,"href":"https:\/\/analyse.optim.biz\/index.php?rest_route=%2Fwp%2Fv2%2Fcomments&post=367858"}],"version-history":[{"count":0,"href":"https:\/\/analyse.optim.biz\/index.php?rest_route=\/wp\/v2\/posts\/367858\/revisions"}],"wp:featuredmedia":[{"embeddable":true,"href":"https:\/\/analyse.optim.biz\/index.php?rest_route=\/wp\/v2\/media\/367859"}],"wp:attachment":[{"href":"https:\/\/analyse.optim.biz\/index.php?rest_route=%2Fwp%2Fv2%2Fmedia&parent=367858"}],"wp:term":[{"taxonomy":"category","embeddable":true,"href":"https:\/\/analyse.optim.biz\/index.php?rest_route=%2Fwp%2Fv2%2Fcategories&post=367858"},{"taxonomy":"post_tag","embeddable":true,"href":"https:\/\/analyse.optim.biz\/index.php?rest_route=%2Fwp%2Fv2%2Ftags&post=367858"}],"curies":[{"name":"wp","href":"https:\/\/api.w.org\/{rel}","templated":true}]}}