{"id":367815,"date":"2017-02-01T10:52:00","date_gmt":"2017-02-01T07:52:00","guid":{"rendered":"https:\/\/analyse.optim.biz\/?p=367815"},"modified":"2017-02-01T10:52:00","modified_gmt":"2017-02-01T07:52:00","slug":"ciorbea-dupa-intalnirea-cu-presedintele-iohannis-vom-analiza-aceste-argumente","status":"publish","type":"post","link":"https:\/\/analyse.optim.biz\/?p=367815","title":{"rendered":"Ciorbea, dup\u0103 \u00eent\u00e2lnirea cu pre\u015fedintele Iohannis: &#8220;Vom analiza aceste argumente&#8221;"},"content":{"rendered":"<div class=\"description\" data-key=\"description\">Avocatul Poporului, Victor Ciorbea, a declarat, miercuri, c\u0103 institu\u0163ia pe care o conduce va analiza argumentele prezentate de c\u0103tre pre\u015fedintele Klaus Iohannis \u00een privin\u0163a sesiz\u0103rii CCR \u00een leg\u0103tur\u0103 cu OUG de modificare a codurilor penale \u015fi c\u0103 va \u00eencerca s\u0103 ia o decizie \u201d\u00een cel mai scurt timp\u201d.<\/div>\n<div class=\"articleBody\" data-key=\"articleBody\">Avocatul Poporului, Victor Ciorbea, a declarat, miercuri, c\u0103 institu\u0163ia pe care o conduce va analiza argumentele prezentate de c\u0103tre pre\u015fedintele Klaus Iohannis \u00een privin\u0163a sesiz\u0103rii CCR \u00een leg\u0103tur\u0103 cu OUG de modificare a codurilor penale \u015fi c\u0103 va \u00eencerca s\u0103 ia o decizie \u201d\u00een cel mai scurt timp\u201d.<\/p>\n<p>\u201dDomnul pre\u015fedinte a men\u0163ionat o decizie din 2013 a CCR, pentru c\u0103 textele legale sunt cele men\u0163ionate azi diminea\u0163\u0103. Vom analiza cu toat\u0103 seriozitatea aceste argumente prezentate de domnul pre\u015fedinte \u015fi vom \u00eencerca s\u0103 lu\u0103m o decizie \u00een cel mai scurt timp\u201d, a declarat Victor Ciorbea dup\u0103 \u00eent\u00e2lnirea cu Klaus Iohannis.<br \/>\n\u201dDac\u0103 citim legea, legea a\u015fa spune. Dac\u0103 exist\u0103 decizii ale CCR care fac excep\u0163ie de la aceast\u0103 prevedere legal\u0103, le analiz\u0103m \u015fi vedem ce se poate face\u201d, a mai spus Ciorbea.<br \/>\nPre\u015fedintele Klaus Iohannis a declarat, miercuri, c\u0103 Avocatul Poporului i-a promis c\u0103 va analiza cu celeritate OUG privind modifcarea codurilor penale \u015fi \u015fi-a exprimat speran\u0163a c\u0103 m\u00e2ine sau poim\u00e2ine acesta va lua decizia corect\u0103 \u00een privin\u0163a sesiz\u0103rii CCR. Iohannis a sus\u0163inut c\u0103 exist\u0103 precedent \u015fi c\u0103 OUG poate fi atacat\u0103 la Curte de Avocatul Poporului chiar dac\u0103 prevederile acesteia nu au intrat \u00een vigoare. Pre\u015fedintele a mai spus c\u0103, dincolo de argumentele juridice, Avocatul Poporului trebuie s\u0103 se uite \u015fi \u00een jur, la faptul c\u0103 Rom\u00e2nia este revoltat\u0103.<br \/>\nAvocatul Poporului, Victor Ciorbea, a declarat, miercuri diminea\u0163\u0103, c\u0103 institu\u0163ia nu poate ataca la Curtea Constitu\u0163ional\u0103 OUG de modificare a codurilor penale dec\u00e2t dup\u0103 ce aceasta intr\u0103 \u00een vigoare \u015fi c\u0103 las\u0103 \u00een competen\u0163a celor care pot sesiza CCR \u00een acest caz cu un conflict de natur\u0103 constitu\u0163ional\u0103.\n<\/p><\/div>\n<p> Source URL: https:\/\/observatornews.ro\/politic\/ciorbea-dupa-intalnirea-cu-presedintele-iohannis-vom-analiza-aceste-argumente-197731.html<\/p>\n","protected":false},"excerpt":{"rendered":"<p>Avocatul Poporului, Victor Ciorbea, a declarat, miercuri, c\u0103 institu\u0163ia pe care o conduce va analiza argumentele prezentate de c\u0103tre pre\u015fedintele Klaus Iohannis \u00een privin\u0163a sesiz\u0103rii CCR \u00een leg\u0103tur\u0103 cu OUG de modificare a codurilor penale \u015fi c\u0103 va \u00eencerca s\u0103 ia o decizie \u201d\u00een cel mai scurt timp\u201d. Avocatul Poporului, Victor Ciorbea, a declarat, miercuri, [&hellip;]<\/p>\n","protected":false},"author":1,"featured_media":0,"comment_status":"open","ping_status":"","sticky":false,"template":"","format":"standard","meta":{"footnotes":""},"categories":[2],"tags":[30],"class_list":["post-367815","post","type-post","status-publish","format-standard","hentry","category-politics","tag-observatornews-ro"],"_links":{"self":[{"href":"https:\/\/analyse.optim.biz\/index.php?rest_route=\/wp\/v2\/posts\/367815","targetHints":{"allow":["GET"]}}],"collection":[{"href":"https:\/\/analyse.optim.biz\/index.php?rest_route=\/wp\/v2\/posts"}],"about":[{"href":"https:\/\/analyse.optim.biz\/index.php?rest_route=\/wp\/v2\/types\/post"}],"author":[{"embeddable":true,"href":"https:\/\/analyse.optim.biz\/index.php?rest_route=\/wp\/v2\/users\/1"}],"replies":[{"embeddable":true,"href":"https:\/\/analyse.optim.biz\/index.php?rest_route=%2Fwp%2Fv2%2Fcomments&post=367815"}],"version-history":[{"count":0,"href":"https:\/\/analyse.optim.biz\/index.php?rest_route=\/wp\/v2\/posts\/367815\/revisions"}],"wp:attachment":[{"href":"https:\/\/analyse.optim.biz\/index.php?rest_route=%2Fwp%2Fv2%2Fmedia&parent=367815"}],"wp:term":[{"taxonomy":"category","embeddable":true,"href":"https:\/\/analyse.optim.biz\/index.php?rest_route=%2Fwp%2Fv2%2Fcategories&post=367815"},{"taxonomy":"post_tag","embeddable":true,"href":"https:\/\/analyse.optim.biz\/index.php?rest_route=%2Fwp%2Fv2%2Ftags&post=367815"}],"curies":[{"name":"wp","href":"https:\/\/api.w.org\/{rel}","templated":true}]}}