{"id":367485,"date":"2017-02-03T07:36:00","date_gmt":"2017-02-03T04:36:00","guid":{"rendered":"https:\/\/analyse.optim.biz\/?p=367485"},"modified":"2017-02-03T07:36:00","modified_gmt":"2017-02-03T04:36:00","slug":"klaus-iohannis-se-va-adresa-marti-parlamentului-cu-un-mesaj-referitor-la-modificarile-aduse-de-catre-guvern-legislatiei-penale","status":"publish","type":"post","link":"https:\/\/analyse.optim.biz\/?p=367485","title":{"rendered":"Klaus Iohannis se va adresa mar\u0163i Parlamentului, cu un mesaj referitor la modific\u0103rile aduse de c\u0103tre Guvern legisla\u021biei penale"},"content":{"rendered":"<div class=\"description\" data-key=\"description\">Pre\u015fedintele Klaus Iohannis a trimis vineri de diminea\u0163\u0103 o scrisoare celor dou\u0103 camere ale Parlamentului, \u00een care informeaz\u0103 c\u0103 mar\u0163i, 7 februarie, se va adresa ale\u015filor cu un mesaj referitor la modific\u0103rile aduse de c\u0103tre Guvern legisla\u021biei penale.<\/div>\n<div class=\"articleBody\" data-key=\"articleBody\">Pre\u015fedintele Klaus Iohannis a trimis vineri de diminea\u0163\u0103 o scrisoare celor dou\u0103 camere ale Parlamentului, \u00een care informeaz\u0103 c\u0103 mar\u0163i, 7 februarie, se va adresa ale\u015filor cu un mesaj referitor la modific\u0103rile aduse de c\u0103tre Guvern legisla\u021biei penale.<\/p>\n<p>Scrisoare transmis\u0103 de Pre\u0219edintele Rom\u00e2niei e adresat\u0103 lui C\u0103lin Popescu-T\u0103riceanu, pre\u015fedintele Senatului, \u0219i Pre\u0219edintelui Camerei Deputa\u021bilor, Liviu Nicolae Dragnea.<\/p>\n<p>Pre\u0219edintele Klaus Iohannis solicit\u0103, \u00een conformitate cu prevederile art. 88 din Constitu\u0163ia Rom\u00e2niei, s\u0103 adreseze Parlamentului un mesaj referitor la modific\u0103rile aduse de c\u0103tre Guvern legisla\u021biei penale, precum \u0219i la evenimentele generate de acestea.\u00a0<br \/>\nPre\u0219edintele Rom\u00e2niei propune ca mesajul s\u0103 fie prezentat Parlamentului la data de 7 februarie a.c., ora 12.00.<\/p>\n<p>Mar\u0163i este programat s\u0103 aib\u0103 loc \u015fi votul asupra Legii bugetului de stat pe 2017.\n<\/p><\/div>\n<p> Source URL: https:\/\/observatornews.ro\/politic\/klaus-iohannis-se-va-adresa-marti-parlamentului-cu-un-mesaj-referitor-la-modificarile-aduse-de-catre-guvern-legislatiei-penale-197999.html<\/p>\n","protected":false},"excerpt":{"rendered":"<p>Pre\u015fedintele Klaus Iohannis a trimis vineri de diminea\u0163\u0103 o scrisoare celor dou\u0103 camere ale Parlamentului, \u00een care informeaz\u0103 c\u0103 mar\u0163i, 7 februarie, se va adresa ale\u015filor cu un mesaj referitor la modific\u0103rile aduse de c\u0103tre Guvern legisla\u021biei penale. Pre\u015fedintele Klaus Iohannis a trimis vineri de diminea\u0163\u0103 o scrisoare celor dou\u0103 camere ale Parlamentului, \u00een care [&hellip;]<\/p>\n","protected":false},"author":1,"featured_media":0,"comment_status":"open","ping_status":"","sticky":false,"template":"","format":"standard","meta":{"footnotes":""},"categories":[2],"tags":[30],"class_list":["post-367485","post","type-post","status-publish","format-standard","hentry","category-politics","tag-observatornews-ro"],"_links":{"self":[{"href":"https:\/\/analyse.optim.biz\/index.php?rest_route=\/wp\/v2\/posts\/367485","targetHints":{"allow":["GET"]}}],"collection":[{"href":"https:\/\/analyse.optim.biz\/index.php?rest_route=\/wp\/v2\/posts"}],"about":[{"href":"https:\/\/analyse.optim.biz\/index.php?rest_route=\/wp\/v2\/types\/post"}],"author":[{"embeddable":true,"href":"https:\/\/analyse.optim.biz\/index.php?rest_route=\/wp\/v2\/users\/1"}],"replies":[{"embeddable":true,"href":"https:\/\/analyse.optim.biz\/index.php?rest_route=%2Fwp%2Fv2%2Fcomments&post=367485"}],"version-history":[{"count":0,"href":"https:\/\/analyse.optim.biz\/index.php?rest_route=\/wp\/v2\/posts\/367485\/revisions"}],"wp:attachment":[{"href":"https:\/\/analyse.optim.biz\/index.php?rest_route=%2Fwp%2Fv2%2Fmedia&parent=367485"}],"wp:term":[{"taxonomy":"category","embeddable":true,"href":"https:\/\/analyse.optim.biz\/index.php?rest_route=%2Fwp%2Fv2%2Fcategories&post=367485"},{"taxonomy":"post_tag","embeddable":true,"href":"https:\/\/analyse.optim.biz\/index.php?rest_route=%2Fwp%2Fv2%2Ftags&post=367485"}],"curies":[{"name":"wp","href":"https:\/\/api.w.org\/{rel}","templated":true}]}}