{"id":367483,"date":"2017-02-03T08:07:00","date_gmt":"2017-02-03T05:07:00","guid":{"rendered":"https:\/\/analyse.optim.biz\/?p=367483"},"modified":"2017-02-03T08:07:00","modified_gmt":"2017-02-03T05:07:00","slug":"cererea-de-incetare-a-detasarii-la-ministerul-justitiei-a-lui-sima-si-haineala-admisa-la-discutii-a-participat-si-ministrul-iordache","status":"publish","type":"post","link":"https:\/\/analyse.optim.biz\/?p=367483","title":{"rendered":"Cererea de \u00eencetare a deta\u015f\u0103rii la Ministerul Justi\u0163iei a lui Sima \u015fi H\u0103ineal\u0103, admis\u0103. La discu\u0163ii a participat \u015fi ministrul Iordache"},"content":{"rendered":"<div class=\"description\" data-key=\"description\">Sec\u0163ia pentru procurori a Consiliului Superior al Magistraturii (CSM) a admis cererea procurorului general Augustin Laz\u0103r de \u00eencetare a deta\u015f\u0103rii la Ministerul Justi\u0163iei a lui Constantin Sima, procuror la Parchetul de pe l\u00e2ng\u0103 \u00cenalta Curte de Casa\u0163ie \u015fi Justi\u0163ie, \u015fi a Oanei Andrea Schmidt H\u0103ineal\u0103, procuror la Parchetul de pe l\u00e2ng\u0103 Curtea de Apel Bac\u0103u, cei doi fiind din 16 ianuarie secretari de stat.<\/div>\n<div class=\"articleBody\" data-key=\"articleBody\">Sec\u0163ia pentru procurori a Consiliului Superior al Magistraturii (CSM) a admis cererea procurorului general Augustin Laz\u0103r de \u00eencetare a deta\u015f\u0103rii la Ministerul Justi\u0163iei a lui Constantin Sima, procuror la Parchetul de pe l\u00e2ng\u0103 \u00cenalta Curte de Casa\u0163ie \u015fi Justi\u0163ie, \u015fi a Oanei Andrea Schmidt H\u0103ineal\u0103, procuror la Parchetul de pe l\u00e2ng\u0103 Curtea de Apel Bac\u0103u, cei doi fiind din 16 ianuarie secretari de stat. Oana Schmidt H\u0103ineal\u0103 \u015fi-a dat \u015fi demisia din func\u0163ia de secretar de stat.<\/p>\n<p>Decizia Sec\u0163iei pentru procurori a Consiliului Superior al Magistraturii (CSM) a fost luat\u0103 \u00een mai pu\u0163in de o or\u0103, la discu\u0163ii particip\u00e2nd \u015fi ministrul Justi\u0163iei, Florin Iordache, care \u015fi-a prezentat punctul de vedere privind solicitarea de \u00eencetare a deta\u015f\u0103rii la MJ a secretarilor de stat Constantin Sima \u015fi Oana Schmidt H\u0103ineal\u0103, acesta afirm\u00e2nd c\u0103 &#8220;orice solicitare trebuie s\u0103 respecte un cadru legal \u015fi prevederile regulamentare\u201d.<\/p>\n<p>Procurorul general al Parchetului \u00cenaltei Cur\u0163i de Casa\u0163ie \u015fi Justi\u0163ie, Augustin Laz\u0103r, a solicitat, joi, Consiliului Superior al Magistraturii \u00eencetarea deta\u015f\u0103rii la Ministerul Justi\u0163iei a procurorilor Constantin Sima \u015fi Oana Schmidt H\u0103ineal\u0103, care din 16 ianuarie sunt secretari de stat.<\/p>\n<p>\u00cen cerere se ar\u0103ta c\u0103 \u00eencetarea deta\u015f\u0103rii a fost solicitat\u0103 pentru a asigura derularea \u201e\u00een condi\u0163ii de impar\u0163ialitate a unei cauze instrumentate de c\u0103tre Direc\u0163ia Na\u0163ional\u0103 Anticorup\u0163ie, av\u00e2nd ca obiect \u00eemprejur\u0103rile elabor\u0103rii proiectului de ordonan\u0163\u0103 de urgen\u0163\u0103 privind modificarea \u015fi completarea Codului penal \u015fi a Codului de procedur\u0103 penal\u0103, precum \u015fi a proiectului de lege pentru gra\u0163ierea unor pedepse\u201d.<\/p>\n<p>Ministrul Justi\u0163iei, Florin Iordache, \u00ee\u015fi delegase atribu\u0163iile secretarului de stat Constantin Sima, pentru perioada 1-7 februarie, cu precizarea c\u0103 el se va afla \u00een Parlament, la discutarea bugetului de stat pe 2017, \u015fi \u00een perioadele \u00een care el nu este la minister, este normal ca cineva s\u0103 semneze pentru opera\u0163iunile curente, de la salarii, p\u00e2n\u0103 la r\u0103spunsuri pe care institu\u0163ia trebuie s\u0103 le dea autorit\u0103\u0163ilor.<\/p>\n<p>Constantin Sima \u015fi Oana Schmidt H\u0103ineal\u0103 ar fi lucrat la elaborarea proiectelor de OUG privind gra\u0163ierea \u015fi modificarea codurilor penale.\n<\/p><\/div>\n<p> Source URL: https:\/\/observatornews.ro\/politic\/cerere-detasare-minister-sima-haineala-iordache-198006.html<\/p>\n","protected":false},"excerpt":{"rendered":"<p>Sec\u0163ia pentru procurori a Consiliului Superior al Magistraturii (CSM) a admis cererea procurorului general Augustin Laz\u0103r de \u00eencetare a deta\u015f\u0103rii la Ministerul Justi\u0163iei a lui Constantin Sima, procuror la Parchetul de pe l\u00e2ng\u0103 \u00cenalta Curte de Casa\u0163ie \u015fi Justi\u0163ie, \u015fi a Oanei Andrea Schmidt H\u0103ineal\u0103, procuror la Parchetul de pe l\u00e2ng\u0103 Curtea de Apel Bac\u0103u, [&hellip;]<\/p>\n","protected":false},"author":1,"featured_media":0,"comment_status":"open","ping_status":"","sticky":false,"template":"","format":"standard","meta":{"footnotes":""},"categories":[2],"tags":[30],"class_list":["post-367483","post","type-post","status-publish","format-standard","hentry","category-politics","tag-observatornews-ro"],"_links":{"self":[{"href":"https:\/\/analyse.optim.biz\/index.php?rest_route=\/wp\/v2\/posts\/367483","targetHints":{"allow":["GET"]}}],"collection":[{"href":"https:\/\/analyse.optim.biz\/index.php?rest_route=\/wp\/v2\/posts"}],"about":[{"href":"https:\/\/analyse.optim.biz\/index.php?rest_route=\/wp\/v2\/types\/post"}],"author":[{"embeddable":true,"href":"https:\/\/analyse.optim.biz\/index.php?rest_route=\/wp\/v2\/users\/1"}],"replies":[{"embeddable":true,"href":"https:\/\/analyse.optim.biz\/index.php?rest_route=%2Fwp%2Fv2%2Fcomments&post=367483"}],"version-history":[{"count":0,"href":"https:\/\/analyse.optim.biz\/index.php?rest_route=\/wp\/v2\/posts\/367483\/revisions"}],"wp:attachment":[{"href":"https:\/\/analyse.optim.biz\/index.php?rest_route=%2Fwp%2Fv2%2Fmedia&parent=367483"}],"wp:term":[{"taxonomy":"category","embeddable":true,"href":"https:\/\/analyse.optim.biz\/index.php?rest_route=%2Fwp%2Fv2%2Fcategories&post=367483"},{"taxonomy":"post_tag","embeddable":true,"href":"https:\/\/analyse.optim.biz\/index.php?rest_route=%2Fwp%2Fv2%2Ftags&post=367483"}],"curies":[{"name":"wp","href":"https:\/\/api.w.org\/{rel}","templated":true}]}}