{"id":367482,"date":"2017-02-03T08:31:00","date_gmt":"2017-02-03T05:31:00","guid":{"rendered":"https:\/\/analyse.optim.biz\/?p=367482"},"modified":"2017-02-03T08:31:00","modified_gmt":"2017-02-03T05:31:00","slug":"ministrul-justitiei-nemultumit-de-revocarea-lui-sima-si-haineala-avem-un-regulament-si-cred-ca-csm-ul-este-primul-care-trebuie-sa-l-respecte-video","status":"publish","type":"post","link":"https:\/\/analyse.optim.biz\/?p=367482","title":{"rendered":"Ministrul Justi\u0163iei, nemul\u0163umit de revocarea lui Sima \u015fi H\u0103ineal\u0103: &#8220;Avem un regulament \u015fi cred c\u0103 CSM-ul este primul care trebuie s\u0103-l respecte&#8221; (VIDEO)"},"content":{"rendered":"<div class=\"description\" data-key=\"description\">Sec\u0163ia pentru procurori a CSM a decis azi \u00eencetarea deta\u015f\u0103rii la Ministerul Justi\u0163iei at\u00e2t a Oanei Schmidt H\u0103ineal\u0103, procuror la Parchetul de pe l\u00e2ng\u0103 Curtea de Apel Bac\u0103u, c\u00e2t \u015fi a lui Constantin Sima, procuror la Parchetul de pe l\u00e2ng\u0103 \u00cenalta Curte de Casa\u0163ie \u015fi Justi\u0163ie, cei doi fiind din 16 ianuarie secretari de stat. De asemenea, Oana Schmidt H\u0103ineal\u0103 a demisionat din func\u0163ia de secretar de stat la Ministerul Justi\u0163iei.<\/div>\n<div class=\"articleBody\" data-key=\"articleBody\">Sec\u0163ia pentru procurori a CSM a decis azi \u00eencetarea deta\u015f\u0103rii la Ministerul Justi\u0163iei at\u00e2t a Oanei Schmidt H\u0103ineal\u0103, procuror la Parchetul de pe l\u00e2ng\u0103 Curtea de Apel Bac\u0103u, c\u00e2t \u015fi a lui Constantin Sima, procuror la Parchetul de pe l\u00e2ng\u0103 \u00cenalta Curte de Casa\u0163ie \u015fi Justi\u0163ie, cei doi fiind din 16 ianuarie secretari de stat. De asemenea, Oana Schmidt H\u0103ineal\u0103 a demisionat din func\u0163ia de secretar de stat la Ministerul Justi\u0163iei.<\/p>\n<p>&#8220;Avem un regulament \u015fi cred c\u0103 CSM-ul este primul care trebuie s\u0103-l respecte. Dac\u0103 \u00een regulament se spune c\u0103 revocarea se poate face numai la cererea ministerului plus a celui care a solicitat-o, respectiv cei doi magistra\u0163i, f\u0103r\u0103 \u00eendoial\u0103, actuala solicitare a procurorului general nu are un temei juridic&#8221;, a declarat Iordache.<\/p>\n<p>INFORMARESet\u0103rile tale privind cookie-urile nu permit afi\u0219area con\u021binutului din aceast\u0103 zon\u0103. E necesar s\u0103 accep\u021bi cookie-urile social media pentru afisarea acestui tip de con\u021binut. Modific\u0103 set\u0103rile<\/p>\n<p>Ministrul a fost surprins de demisia Oanei Schmidt H\u0103ineal\u0103, preciz\u00e2nd c\u0103 la momentul sosirii sale la sedin\u0163\u0103, aceasta nu-\u015fi d\u0103duse \u00eenc\u0103 demisia. &#8220;P\u00e2n\u0103 c\u00e2nd eu am venit la CSM, doamna Schmidt nu \u015fi-a dat demisia&#8221;, a spus Iordache.<\/p>\n<p>Oana Schmidt H\u0103ineal\u0103 a demisionat \u00een aceea\u015fi zi \u00een care Sec\u0163ia pentru procurori a Consiliului Superior al Magistraturii (CSM) a decis \u00eencetarea deta\u015f\u0103rii sale la Ministerul Justi\u0163iei.<\/p>\n<p>Procurorul general al Parchetului \u00cenaltei Cur\u0163i de Casa\u0163ie \u015fi Justi\u0163ie, Augustin Laz\u0103r, a solicitat, joi, Consiliului Superior al Magistraturii \u00eencetarea deta\u015f\u0103rii la Ministerul Justi\u0163iei a procurorilor Constantin Sima \u015fi Oana Schmidt H\u0103ineal\u0103. \u00cen cerere se ar\u0103ta c\u0103 \u00eencetarea deta\u015f\u0103rii a fost solicitat\u0103 pentru a asigura derularea \u201e\u00een condi\u0163ii de impar\u0163ialitate a unei cauze instrumentate de c\u0103tre Direc\u0163ia Na\u0163ional\u0103 Anticorup\u0163ie, av\u00e2nd ca obiect \u00eemprejur\u0103rile elabor\u0103rii proiectului de ordonan\u0163\u0103 de urgen\u0163\u0103 privind modificarea \u015fi completarea Codului penal \u015fi a Codului de procedur\u0103 penal\u0103, precum \u015fi a proiectului de lege pentru gra\u0163ierea unor pedepse\u201d.\n<\/p><\/div>\n<p> Source URL: https:\/\/observatornews.ro\/politic\/ministrul-justitiei-nemultumit-de-revocarea-lui-sima-si-haineala-198013.html<\/p>\n","protected":false},"excerpt":{"rendered":"<p>Sec\u0163ia pentru procurori a CSM a decis azi \u00eencetarea deta\u015f\u0103rii la Ministerul Justi\u0163iei at\u00e2t a Oanei Schmidt H\u0103ineal\u0103, procuror la Parchetul de pe l\u00e2ng\u0103 Curtea de Apel Bac\u0103u, c\u00e2t \u015fi a lui Constantin Sima, procuror la Parchetul de pe l\u00e2ng\u0103 \u00cenalta Curte de Casa\u0163ie \u015fi Justi\u0163ie, cei doi fiind din 16 ianuarie secretari de stat. [&hellip;]<\/p>\n","protected":false},"author":1,"featured_media":0,"comment_status":"open","ping_status":"","sticky":false,"template":"","format":"standard","meta":{"footnotes":""},"categories":[2],"tags":[30],"class_list":["post-367482","post","type-post","status-publish","format-standard","hentry","category-politics","tag-observatornews-ro"],"_links":{"self":[{"href":"https:\/\/analyse.optim.biz\/index.php?rest_route=\/wp\/v2\/posts\/367482","targetHints":{"allow":["GET"]}}],"collection":[{"href":"https:\/\/analyse.optim.biz\/index.php?rest_route=\/wp\/v2\/posts"}],"about":[{"href":"https:\/\/analyse.optim.biz\/index.php?rest_route=\/wp\/v2\/types\/post"}],"author":[{"embeddable":true,"href":"https:\/\/analyse.optim.biz\/index.php?rest_route=\/wp\/v2\/users\/1"}],"replies":[{"embeddable":true,"href":"https:\/\/analyse.optim.biz\/index.php?rest_route=%2Fwp%2Fv2%2Fcomments&post=367482"}],"version-history":[{"count":0,"href":"https:\/\/analyse.optim.biz\/index.php?rest_route=\/wp\/v2\/posts\/367482\/revisions"}],"wp:attachment":[{"href":"https:\/\/analyse.optim.biz\/index.php?rest_route=%2Fwp%2Fv2%2Fmedia&parent=367482"}],"wp:term":[{"taxonomy":"category","embeddable":true,"href":"https:\/\/analyse.optim.biz\/index.php?rest_route=%2Fwp%2Fv2%2Fcategories&post=367482"},{"taxonomy":"post_tag","embeddable":true,"href":"https:\/\/analyse.optim.biz\/index.php?rest_route=%2Fwp%2Fv2%2Ftags&post=367482"}],"curies":[{"name":"wp","href":"https:\/\/api.w.org\/{rel}","templated":true}]}}