{"id":367238,"date":"2017-02-05T13:56:00","date_gmt":"2017-02-05T10:56:00","guid":{"rendered":"https:\/\/analyse.optim.biz\/?p=367238"},"modified":"2017-02-05T13:56:00","modified_gmt":"2017-02-05T10:56:00","slug":"e-x-t-r-a-s-din-stenograma-sedintei-guvernului-din-18-mai-2016","status":"publish","type":"post","link":"https:\/\/analyse.optim.biz\/?p=367238","title":{"rendered":"E X T R A S din Stenograma \u015fedin\u0163ei Guvernului din 18 mai 2016"},"content":{"rendered":"<div class=\"description\" data-key=\"description\">V\u0103 prezent\u0103m textul Stenogramei \u015fedin\u0163ei Guvernului din 18 mai 2016<\/div>\n<div class=\"articleBody\" data-key=\"articleBody\">V\u0103 prezent\u0103m textul Stenogramei \u015fedin\u0163ei Guvernului din 18 mai 2016<\/p>\n<p>SECRETARIATUL GENERAL AL GUVERNULUI NECLASIFICAT<\/p>\n<p>Nr. 20E\/92 din 05.02.2017 Ex. unic<\/p>\n<p>(extras1) din nr.01434 din 20.05.2016)<\/p>\n<p>E X T R A S din Stenograma \u015fedin\u0163ei Guvernului din 18 mai 2016 \u00a0(pagina 12-16)<\/p>\n<p>&#8230;&#8230;&#8230;&#8230;&#8230;&#8230;&#8230;&#8230;&#8230;&#8230;&#8230;&#8230;&#8230;&#8230;&#8230;&#8230;&#8230;&#8230;&#8230;&#8230;&#8230;&#8230;&#8230;&#8230;&#8230;&#8230;&#8230;&#8230;&#8230;&#8230;&#8230;&#8230;&#8230;&#8230;&#8230;&#8230;&#8230;&#8230;&#8230;&#8230;&#8230;&#8230;&#8230;&#8230;&#8230;&#8230;&#8230;&#8230;&#8230;&#8230;<\/p>\n<p>PARTEA a II-a<\/p>\n<p>I &#8211; PROIECTE DE ORDONAN\u0162\u0102 DE URGEN\u0162\u0102<\/p>\n<p>1.PROIECT DE ORDONAN\u0162\u0102 DE URGEN\u0162\u0102 pentru modificarea \u015fi completarea Legii nr.286\/2009 privind Codul penal, precum \u015fi a Legii nr.135\/2010 privind Codul de procedur\u0103 penal\u0103<\/p>\n<p>(Partea a II-a &#8211; pct.I.1 pe ordinea de zi)<\/p>\n<p>Dl. Dacian Julien Ciolo\u015f<\/p>\n<p>\u015ei trecem la Partea a II-a.<\/p>\n<p>\u00cencepem cu proiectul de Ordonan\u0163\u0103 de urgen\u0163\u0103 pentru modificarea \u015fi completarea Legii 286\/2009 privind Codul penal, a Legii 135\/2010 privind Codul de procedur\u0103 penal\u0103, precum \u015fi pentru completarea articolului 31 alineatul (1) din Legea 304\/2004 privind organizarea judiciar\u0103.<\/p>\n<p>Doamna ministru, v\u0103 rog.<\/p>\n<p>D-na Raluca Alexandra Prun\u0103<\/p>\n<p>V\u0103 mul\u0163umesc, domnule prim-ministru.<\/p>\n<p>Stima\u0163i colegi, Legea 135\/2010 privind Codul de procedur\u0103 penal\u0103 a intrat \u00een vigoare la 1 februarie 2014. Ulterior acestei date, Curtea Constitu\u0163ional\u0103 a admis mai multe excep\u0163ii de neconstitu\u0163ionalitate, invocate \u00een leg\u0103tur\u0103 cu diferite texte din Codul de procedur\u0103 penal\u0103.<\/p>\n<p>Obliga\u0163ia de la lege este ca \u00een momentul \u00een care o dispozi\u0163ie este declarat\u0103 neconstitu\u0163ional\u0103, \u00een 45 de zile, textul declarat neconstitu\u0163ional s\u0103 fie adus \u00een conformitate cu cerin\u0163ele Cur\u0163ii.<\/p>\n<p>Unele dintre textele din Codul de procedur\u0103 penal\u0103 \u00een leg\u0103tur\u0103 cu care au fost pronun\u0163ate decizii ale Cur\u0163ii prin care s-au admis excep\u0163ii de neconstitu\u0163ionalitate au fost puse \u00een acord cu textele Constitu\u0163iei prin interven\u0163ii legislative sub forma unor legi sau ordonan\u0163e de urgen\u0163\u0103.<\/p>\n<p>\u00cen 2014, f\u0103r\u0103 a intra foarte mult \u00een istorie, s-a adoptat o ordonan\u0163\u0103 de urgen\u0163\u0103 care nu a preluat toate modific\u0103rile aduse&#8230; cerute de Curtea Constitu\u0163ional\u0103, ci numai c\u00e2teva modific\u0103ri, considerate la acel moment mai importante.<\/p>\n<p>De ce ordonan\u0163\u0103 de urgen\u0163\u0103 acum? Pentru c\u0103 suntem la doi ani de c\u00e2nd s-a adoptat acest Cod \u015fi suntem dincolo de cele 45 de zile \u00een care trebuia s\u0103 punem \u00een acord numeroase texte.<\/p>\n<p>La momentul ini\u0163ierii prezentei ordonan\u0163e de urgen\u0163\u0103, avem un num\u0103r semnificativ de decizii ale Cur\u0163ii prin care, cum am spus, au fost admise excep\u0163ii de neconstitu\u0163ionalitate, care nu au fost urmate de interven\u0163ii legislative \u015fi aceast\u0103 situa\u0163ie determin\u0103 dificult\u0103\u0163i majore \u015fi, \u00eendr\u0103znesc s\u0103 spun, chiar sincope \u00een activitatea organelor judiciare, care sunt \u00een situa\u0163ia \u00een care nu pot avea un Cod de procedur\u0103 penal\u0103 dup\u0103 care s\u0103 judece, ci au un Cod \u00eempreun\u0103 cu un teanc de decizii ale Cur\u0163ii, pe care trebuie s\u0103 le citeasc\u0103 pentru a putea face aplicarea legii \u00een aceast\u0103 \u0163ar\u0103.<\/p>\n<p>Avem peste 20 de decizii ale Cur\u0163ii Constitu\u0163ionale cu impact semnificativ asupra Codului de procedur\u0103 penal\u0103 \u015fi care impun interven\u0163ii importante asupra unor institu\u0163ii legislative &#8211; le-am detaliat \u00een nota de fundamentare, nu am s\u0103 fac dec\u00e2t s\u0103 le citesc:<\/p>\n<p>&#8211; vorbim de participarea procurorului sau a unor p\u0103r\u0163i \u00een procesul penal la unele etape procedurale;<\/p>\n<p>&#8211; procedura solu\u0163ion\u0103rii pl\u00e2ngerii \u00eempotriva solu\u0163iilor procurorului;<\/p>\n<p>Acestea sunt decizii ale Cur\u0163ii Constitu\u0163ionale din 2014. Suntem la doi ani, deci, dincolo de 45 de zile.<\/p>\n<p>&#8211; procedura acordului de recunoa\u015ftere a vinov\u0103\u0163iei;<\/p>\n<p>&#8211; necesitatea reglement\u0103rii unor c\u0103i de atac;<\/p>\n<p>&#8211; necesitatea redact\u0103rii unor texte clare \u015fi previzibile;<\/p>\n<p>&#8211; clarificarea unor competen\u0163e;<\/p>\n<p>&#8211; renun\u0163area la urm\u0103rirea penal\u0103.<\/p>\n<p>\u015ei m-a\u015f opri asupra acestui punct: renun\u0163area la urm\u0103rirea penal\u0103 a fost declarat\u0103, \u00een acest an, neconstitu\u0163ional\u0103 de c\u0103tre Curte \u015fi, la momentul la care noi discut\u0103m, suntem \u00een situa\u0163ia \u00een care, de exemplu, dac\u0103 ai furat un salam din Carrefour, procurorul nu poate renun\u0163a la urm\u0103rirea penal\u0103, trebuie&#8230; \u015fi nu \u015ftie ce s\u0103 fac\u0103 \u015fi, prin urmare, este necesar\u0103 o interven\u0163ie. Se adun\u0103 dosarele, vorbim de peste 100.000 de dosare, anul trecut, \u00een care s-a renun\u0163at la urm\u0103rirea penal\u0103, \u00een considerarea faptului c\u0103 fapta nu prezint\u0103 un pericol social at\u00e2t de mare.<\/p>\n<p>Iar acum, \u00een acest moment, suntem la trei luni de c\u00e2nd s-a adoptat aceast\u0103 decizie, s-a publicat decizia Cur\u0163ii, \u015fi dosarele se acumuleaz\u0103 la Parchet, neav\u00e2nd un text care s\u0103 prevad\u0103 trimiterea lor pentru confirmare \u00een instan\u0163\u0103.<\/p>\n<p>\u00cen afar\u0103 de aceste modific\u0103ri, prin ordonan\u0163a de urgen\u0163\u0103 transpunem \u015fi un num\u0103r destul de mare de directive, al c\u0103ror termen de transpunere este \u015fi el foarte vechi \u015fi demult dep\u0103\u015fit.<\/p>\n<p>Am s\u0103 citesc directivele:<\/p>\n<p>Directiva privind combaterea abuzului sexual asupra copiilor, a exploat\u0103rii sexuale a copiilor \u015fi pornografiei infantile, care trebuia transpus\u0103 \u00een 2013 &#8211; suntem \u00een 2016.<\/p>\n<p>Mai avem Directiva privind dreptul la informare \u00een cadrul procedurilor penale, publicat\u0103 \u00een 2012, la 1 iunie 2012. Trebuia s\u0103 fie transpus\u0103 la 1 iunie 2014 &#8211; suntem \u00een 2016.<\/p>\n<p>Directiva privind protec\u0163ia mediului prin intermediului dreptului penal.<\/p>\n<p>Directiva de stabilire a unor norme minime privind drepturile, sprijinirea \u015fi protec\u0163ia victimelor criminalit\u0103\u0163ii.<\/p>\n<p>Directiva privind protec\u0163ia prin m\u0103suri de drept penal a monedei euro \u015fi a altor monede \u00eempotriva falsific\u0103rii.<\/p>\n<p>\u015ei, \u00een fine&#8230; Nu, \u015fi aceasta este ultima.<\/p>\n<p>Mai avem, \u00een fine, un num\u0103r de situa\u0163ii \u00een care, din cauza necomunic\u0103rii m\u0103surilor na\u0163ionale de transpunere la Comisie, suntem \u00een situa\u0163ia \u00een care risc\u0103m proceduri judiciare \u00een fa\u0163a Cur\u0163ii de Justi\u0163ie a Uniunii Europene.<\/p>\n<p>Fa\u0163\u0103 de toate aceste considerente&#8230; a\u015f mai&#8230; dac\u0103 \u00eemi \u00eeng\u0103dui\u0163i, a\u015f mai spune dou\u0103 cuvinte cu privire la faptul c\u0103 ordonan\u0163a preia texte care sunt la acest moment \u00een dezbatere, \u00een varietate, \u00een Parlament, fie la Senat, fie la Camer\u0103.<\/p>\n<p>Sunt trei proiecte de legi care sunt acolo discutate \u015fi, \u00een cele \u015fase luni de mandat de c\u00e2nd mi-am preluat acest mandat, nu am reu\u015fit, din p\u0103cate, s\u0103 avans\u0103m foarte mult.<\/p>\n<p>Pentru acest motiv propun o ordonan\u0163\u0103 de urgen\u0163\u0103, dar nu numai.<\/p>\n<p>\u00cen discu\u0163iile pe care le-am avut cu deputa\u0163ii \u015fi cu senatorii, au fost cerin\u0163e de a uni toate propunerile legislative care au fost f\u0103cute pe m\u0103sur\u0103 ce Curtea adopt\u0103 decizii \u015fi public\u0103 decizii de neconstitu\u0163ionalitate, de a le uni pe toate \u00eentr-un proiect, astfel \u00eenc\u00e2t s\u0103 putem discuta \u00eentr-un mod coerent despre aceste modific\u0103ri.<\/p>\n<p>Nu a fost posibil acest lucru la nivel parlamentar \u015fi atunci, credem c\u0103 cea mai simpl\u0103 solu\u0163ie, \u015fi solu\u0163ia judicioas\u0103 pentru sistemul judiciar, care trebuie s\u0103 aib\u0103 un cadru legislativ predictibil, \u015fi pentru cet\u0103\u0163ean, c\u0103 vorbim \u015fi de cet\u0103\u0163eni, este promovarea unui proiect de ordonan\u0163\u0103 de urgen\u0163\u0103.<\/p>\n<p>\u00cen proiectele care r\u0103m\u00e2n la Parlament, Ministerul Justi\u0163iei va indica, va face precizarea procedural\u0103 c\u0103 modific\u0103rile depuse de-a lungul timpului \u015fi \u00een termene de Ministerul Justi\u0163iei \u00een ultimii doi ani \u015fi jum\u0103tate r\u0103m\u00e2n f\u0103r\u0103 obiect, ceea ce nu \u00eempiedic\u0103 Parlamentul s\u0103 dezbat\u0103, \u00een continuare, textele, dac\u0103 va dori, \u00eens\u0103 va trebui s\u0103 le raporteze la textele care rezult\u0103 din aceast\u0103 ordonan\u0163\u0103 de urgen\u0163\u0103.<\/p>\n<p>\u00cen fine, sunt c\u00e2teva texte care sunt \u00een Parlament \u015fi pe care nu le-am preluat \u00een aceast\u0103 ordonan\u0163\u0103, pentru c\u0103 sunt solu\u0163ii care nu sunt sus\u0163inute de Ministerul Justi\u0163iei \u015fi vom face aceast\u0103 precizare \u00een cadrul procedurii legislative din Senat.<\/p>\n<p>\u015ei, \u00een fine, exist\u0103 un proiect care a fost adoptat de Senat \u015fi amendamentele senatorilor se dezbat. Nici pe acelea nu le vom&#8230; nu le-am introdus aici, nu sunt ale Ministerului Justi\u0163iei, ele continu\u0103 s\u0103 r\u0103m\u00e2n\u0103 \u00een dezbatere \u015fi Ministerul Justi\u0163iei le va sus\u0163ine, sau nu, \u00een func\u0163ie de caz, \u00een Parlament.<\/p>\n<p>Cam asta. Nu am s\u0103 intru \u00een detalii, c\u0103 sunt numeroase institu\u0163ii, aproape c\u0103 avem jum\u0103tate de Cod aici, dac\u0103 \u00eemi \u00eeng\u0103dui\u0163i, \u015fi pentru acest motiv, nu avem solu\u0163ie, v\u0103 rog s\u0103 aproba\u0163i aceast\u0103 ordonan\u0163\u0103 de urgen\u0163\u0103.<\/p>\n<p>Mul\u0163umesc.<\/p>\n<p>Dl. Dacian Julien Ciolo\u015f<\/p>\n<p>Mul\u0163umesc. Deci, \u00een\u0163eleg c\u0103 am preluat, pe de o parte, decizii ale Cur\u0163ii Constitu\u0163ionale, precum \u015fi anumite modific\u0103ri care sunt \u00een dezbatere \u00een Parlament \u015fi cu care Ministerul Justi\u0163iei este de acord.<\/p>\n<p>\u015ei o a treia categorie, alinieri la directive sau, da, introducerea unor&#8230; transpunerea unor directive europene. OK.<\/p>\n<p>Te rog, Violeta.<\/p>\n<p>D-na Victoria-Violeta Alexandru<\/p>\n<p>Fa\u0163\u0103 de\u2026 Mul\u0163umesc, \u00een primul r\u00e2nd.<\/p>\n<p>Fa\u0163\u0103 de pledoaria doamnei ministru, absolut just\u0103 \u015fi pe ni\u015fte argumente de necontestat, simt nevoia, \u00eens\u0103, s\u0103 spun c\u0103 acest lucru \u00eenseamn\u0103 c\u0103 pentru to\u0163i colegii din celelalte ministere este posibil a se veni cu proiecte de ordonan\u0163\u0103, \u00eentruc\u00e2t tot ce facem \u00een acest moment are caracter de urgen\u0163\u0103, adic\u0103, mi-e greu s\u0103 mai pledez fa\u0163\u0103 de fiecare dintre colegii c\u0103rora le trimit, s\u0103pt\u0103m\u00e2nal, o serie de mesaje, cum c\u0103 la ei nu ar trebui s\u0103 se \u00eent\u00e2mple prin ordonan\u0163\u0103 de urgen\u0163\u0103, pentru c\u0103 nu e a\u015fa de important, sau nu.<\/p>\n<p>Evident, fiecare ini\u0163iator \u00ee\u015fi asum\u0103 \u015fi, repet, doamna ministru a f\u0103cut o pledoarie absolut corect\u0103 vizavi de anumite lucruri care trebuiau s\u0103 se \u00eent\u00e2mple de mai mult\u0103 vreme. Sunt con\u015ftient\u0103 c\u0103 suntem la jum\u0103tatea mandatului, dar, \u00een acela\u015fi timp, sunt responsabil\u0103 s\u0103 aduc la aceast\u0103 mas\u0103 \u015fi aceast\u0103 perspectiv\u0103, a faptului c\u0103 ne-am angajat \u015fi la un proces care se nume\u015fte \u201ebun\u0103 guvernare\u201d \u015fi \u00een temeiul c\u0103ruia ar trebui s\u0103 fim aten\u0163i la modul \u00een care reglement\u0103m prin ordonan\u0163\u0103 de urgen\u0163\u0103.<\/p>\n<p>Decizia ne apar\u0163ine nou\u0103, ca \u015fi echip\u0103.<\/p>\n<p>Repet, sunt con\u015ftient\u0103 c\u0103 suntem la jum\u0103tatea mandatului \u015fi c\u0103 timpul trece foarte repede, dar o s\u0103 v\u0103 rog s\u0103-mi permite\u0163i s\u0103 aduc pe masa noastr\u0103 \u015fi aceast\u0103 perspectiv\u0103, pentru c\u0103 a\u015fa mi-a\u0163i cerut s\u0103-mi exercit mandatul, cu corectitudine.<\/p>\n<p>Mul\u0163umesc.<\/p>\n<p>Dl. Dacian Julien Ciolo\u015f<\/p>\n<p>Da, sigur, ne-am angajat la lucrul \u0103sta \u015fi, \u00een continuare, sus\u0163in c\u0103 trebuie s\u0103 evit\u0103m s\u0103 d\u0103m ordonan\u0163e de urgen\u0163\u0103 punctuale, prin care s\u0103 ne rezolv\u0103m o problem\u0103 sau alta, \u00eempotriva intereselor altora. \u015ei mai ales, pe subiecte care trebuie dezb\u0103tute \u00een Parlament.<\/p>\n<p>Pe de alt\u0103 parte, am spus c\u0103, de fiecare dat\u0103 atunci c\u00e2nd e nevoie de un act normativ sau de o modificare a unui act normativ \u00een interesul larg al cet\u0103\u0163enilor, care poate s\u0103 fie argumentat prin acest interes al cet\u0103\u0163enilor, modificarea respectiv\u0103 o s\u0103 ne-o asum\u0103m \u015fi o s\u0103 o asum\u0103m public, cu publicarea propunerii respective \u015fi cu argumentare.<\/p>\n<p>Deci, \u00een continuare, facem diferen\u0163\u0103 \u00eentre a trece prin ordonan\u0163\u0103 de urgen\u0163\u0103 orice proiect de lege doar pentru a-l putea afi\u015fa c\u0103 e realizarea noastr\u0103, sau a trece prin ordonan\u0163\u0103 de urgen\u0163\u0103 modific\u0103ri ale legisla\u0163iei care, cu c\u00e2t sunt f\u0103cute mai repede, cu at\u00e2t beneficiul direct, imediat, e mai rapid.<\/p>\n<p>\u015ei \u00een cazul \u0103sta, doamna ministru a explicat despre ce e vorba &#8211; dincolo de faptul c\u0103 avem transpuneri de directive europene, dincolo de faptul c\u0103 avem transpuneri ale unor decizii ale Cur\u0163ii Constitu\u0163ionale, care deja sunt dep\u0103\u015fite de termen, noi am discutat, eu \u0163in minte, \u015fi cu Parlamentul, la \u00eenceputul mandatului, ideea c\u0103 Parlamentul va accelera procesul de dezbatere pe anumite modific\u0103ri ale Codului penal \u015fi Codului de procedur\u0103 penal\u0103, pentru c\u0103 e o a\u015fteptare mai mare, de mai mult\u0103 vreme.<\/p>\n<p>Se pare c\u0103 nu s-a \u00eent\u00e2mplat, din diferite motive. Perspectivele pentru a face asta \u00een urm\u0103toarele luni sunt reduse, dat\u0103 fiind campania electoral\u0103 \u015fi atunci eu \u00een\u0163eleg \u015fi o sus\u0163in pe doamna ministru, care \u015fi-a asumat aceste decizii.<\/p>\n<p>\u015ei la fel facem cu celelalte proiecte de ordonan\u0163\u0103, punct cu punct, a\u015fa cum am spus, caz cu caz, le discut\u0103m \u015fi, acolo unde exist\u0103 argumente, da, ne asum\u0103m, pentru c\u0103 suntem un executiv care trebuie s\u0103 \u015fi livreze rezultate \u015fi, \u00een limita \u00een care aceste proiecte de acte normative sunt de interes general, \u015fi nu de interes particular, adopt\u0103m acest proiect de ordonan\u0163\u0103.<\/p>\n<p>Cum a fost \u015fi, data trecut\u0103, acel proiect de ordonan\u0163\u0103 cu referendumul la nivel local, de exemplu, care, sigur, la fel, poate s\u0103 vin\u0103 cineva cu argumentul c\u0103 \u00een democra\u0163ie modificarea unei astfel de legi trebuie f\u0103cut\u0103 de Parlament. Pe de alt\u0103 parte, a existat justificarea clar\u0103, \u015fi atunci ne-am asumat decizia respectiv\u0103. Dar e foarte bine c\u0103 a\u0163i subliniat asta.<\/p>\n<p>Domnule ministru.<\/p>\n<p>CASETA 2<\/p>\n<p>Dl. Petre Tob\u0103<\/p>\n<p>Da. V\u0103 mul\u0163umesc, domnule prim-ministru.<\/p>\n<p>\u015ei noi sus\u0163inem nevoia unei ordonan\u0163e de urgen\u0163\u0103, pentru c\u0103, \u00een anumite domenii, ca urmare a deciziilor Cur\u0163ii Constitu\u0163ionale a intervenit un blocaj \u00een \u00eenf\u0103ptuirea actului de justi\u0163ie.<\/p>\n<p>A\u015f vrea, totu\u015fi, s\u0103 subliniez &#8211; \u015fi am discutat cu doamna ministru &#8211; av\u00e2nd \u00een vedere faptul c\u0103, pe l\u00e2ng\u0103 foarte buna colaborare existent\u0103 \u00eentre ministerele noastre, faptul c\u0103 mai mult de 95 la sut\u0103 din urm\u0103rirea penal\u0103 se efectueaz\u0103 de c\u0103tre Poli\u0163ie, de c\u0103tre subordona\u0163ii Ministerului Afacerilor Interne, apreciem ca \u00een viitor ar fi util ca Ministerul Afacerilor Interne s\u0103 fie avizator vizavi de toate aceste modific\u0103ri ale Codului penal \u015fi ale Codului de procedur\u0103 penal\u0103 \u015fi, inclusiv, faptul c\u0103 au mai r\u0103mas aspecte care trebuie clarificate.<\/p>\n<p>Am avut o discu\u0163ie cu doamna ministru \u015fi a r\u0103mas ca \u00een perioada urm\u0103toare s\u0103 constituim un grup de lucru la nivelul celor dou\u0103 ministere ca s\u0103 clarific\u0103m \u015fi celelalte aspecte care nu sunt prinse \u00een aceast\u0103 ordonan\u0163\u0103 de urgen\u0163\u0103.<\/p>\n<p>Mul\u0163umesc mult.<\/p>\n<p>Dl. Dacian Julien Ciolo\u015f<\/p>\n<p>Da, mul\u0163umesc, am luat not\u0103. Dac\u0103 cineva mai are \u00eentreb\u0103ri sau observa\u0163ii?<\/p>\n<p>Dac\u0103 nu, v\u0103 propun s\u0103 adopt\u0103m acest proiect de ordonan\u0163\u0103.<\/p>\n<p>Mul\u0163umesc.<\/p>\n<p>(Aprobat)\n<\/p><\/div>\n<p> Source URL: https:\/\/observatornews.ro\/politic\/e-x-t-r-a-s-din-stenograma-sedintei-guvernului-din-18-mai-2016-198263.html<\/p>\n","protected":false},"excerpt":{"rendered":"<p>V\u0103 prezent\u0103m textul Stenogramei \u015fedin\u0163ei Guvernului din 18 mai 2016 V\u0103 prezent\u0103m textul Stenogramei \u015fedin\u0163ei Guvernului din 18 mai 2016 SECRETARIATUL GENERAL AL GUVERNULUI NECLASIFICAT Nr. 20E\/92 din 05.02.2017 Ex. unic (extras1) din nr.01434 din 20.05.2016) E X T R A S din Stenograma \u015fedin\u0163ei Guvernului din 18 mai 2016 \u00a0(pagina 12-16) &#8230;&#8230;&#8230;&#8230;&#8230;&#8230;&#8230;&#8230;&#8230;&#8230;&#8230;&#8230;&#8230;&#8230;&#8230;&#8230;&#8230;&#8230;&#8230;&#8230;&#8230;&#8230;&#8230;&#8230;&#8230;&#8230;&#8230;&#8230;&#8230;&#8230;&#8230;&#8230;&#8230;&#8230;&#8230;&#8230;&#8230;&#8230;&#8230;&#8230;&#8230;&#8230;&#8230;&#8230;&#8230;&#8230;&#8230;&#8230;&#8230;&#8230; PARTEA a [&hellip;]<\/p>\n","protected":false},"author":1,"featured_media":367239,"comment_status":"open","ping_status":"","sticky":false,"template":"","format":"standard","meta":{"footnotes":""},"categories":[2],"tags":[30],"class_list":["post-367238","post","type-post","status-publish","format-standard","has-post-thumbnail","hentry","category-politics","tag-observatornews-ro"],"_links":{"self":[{"href":"https:\/\/analyse.optim.biz\/index.php?rest_route=\/wp\/v2\/posts\/367238","targetHints":{"allow":["GET"]}}],"collection":[{"href":"https:\/\/analyse.optim.biz\/index.php?rest_route=\/wp\/v2\/posts"}],"about":[{"href":"https:\/\/analyse.optim.biz\/index.php?rest_route=\/wp\/v2\/types\/post"}],"author":[{"embeddable":true,"href":"https:\/\/analyse.optim.biz\/index.php?rest_route=\/wp\/v2\/users\/1"}],"replies":[{"embeddable":true,"href":"https:\/\/analyse.optim.biz\/index.php?rest_route=%2Fwp%2Fv2%2Fcomments&post=367238"}],"version-history":[{"count":0,"href":"https:\/\/analyse.optim.biz\/index.php?rest_route=\/wp\/v2\/posts\/367238\/revisions"}],"wp:featuredmedia":[{"embeddable":true,"href":"https:\/\/analyse.optim.biz\/index.php?rest_route=\/wp\/v2\/media\/367239"}],"wp:attachment":[{"href":"https:\/\/analyse.optim.biz\/index.php?rest_route=%2Fwp%2Fv2%2Fmedia&parent=367238"}],"wp:term":[{"taxonomy":"category","embeddable":true,"href":"https:\/\/analyse.optim.biz\/index.php?rest_route=%2Fwp%2Fv2%2Fcategories&post=367238"},{"taxonomy":"post_tag","embeddable":true,"href":"https:\/\/analyse.optim.biz\/index.php?rest_route=%2Fwp%2Fv2%2Ftags&post=367238"}],"curies":[{"name":"wp","href":"https:\/\/api.w.org\/{rel}","templated":true}]}}