{"id":366220,"date":"2017-02-13T11:53:00","date_gmt":"2017-02-13T08:53:00","guid":{"rendered":"https:\/\/analyse.optim.biz\/?p=366220"},"modified":"2017-02-13T11:53:00","modified_gmt":"2017-02-13T08:53:00","slug":"tariceanu-a-propus-in-plenul-parlamentului-o-declaratie-prin-care-critica-csm-si-presedintia-dragnea-a-amanat-dezbaterea-ei","status":"publish","type":"post","link":"https:\/\/analyse.optim.biz\/?p=366220","title":{"rendered":"T\u0103riceanu a propus \u00een plenul Parlamentului o declara\u0163ie prin care critic\u0103 CSM \u015fi Pre\u015fedin\u0163ia, Dragnea a am\u00e2nat dezbaterea ei"},"content":{"rendered":"<div class=\"description\" data-key=\"description\">Pre\u015fedintele Senatului, C\u0103lin Popescu T\u0103riceanu, a propus conducerii Parlamentului ca plenul reunit s\u0103 adopte o declara\u0163ie \u00een care sunt criticate CSM, Ministerul Public \u015fi pre\u015fedintele Rom\u00e2niei, dup\u0103 decizia CCR privind OUG 13, \u015fi prin care Parlamentul \u00ee\u015fi &#8220;reafirm\u0103 suprema\u0163ia politic\u0103&#8221;. Pre\u015fedintele Camerei Deputa\u0163ilor, Liviu Dragnea, a cerut am\u00e2narea acestei dezbateri.<\/div>\n<div class=\"articleBody\" data-key=\"articleBody\">Pre\u015fedintele Senatului, C\u0103lin Popescu T\u0103riceanu, a propus conducerii Parlamentului ca plenul reunit s\u0103 adopte o declara\u0163ie \u00een care sunt criticate CSM, Ministerul Public \u015fi pre\u015fedintele Rom\u00e2niei, dup\u0103 decizia CCR privind OUG 13, \u015fi prin care Parlamentul \u00ee\u015fi &#8220;reafirm\u0103 suprema\u0163ia politic\u0103&#8221;. Pre\u015fedintele Camerei Deputa\u0163ilor, Liviu Dragnea, a cerut am\u00e2narea acestei dezbateri.<\/p>\n<p>Informa\u0163iile privind aceast\u0103 propunere nu au fost prezentate oficial la finalul reuniunii Birourilor Permanente reunite, ci au fost f\u0103cute publice de c\u0103tre secretarul Camerei Deputa\u0163ilor Cristian Ghinea (USR), pe pagina sa de Facebook.<\/p>\n<p>&#8220;Cu 1 minut \u00eenainte de \u015fedin\u0163a Birourilor Permanente Reunite primim \u00een fa\u0163\u0103 aceast\u0103 h\u00e2rtie. Dl. T\u0103riceanu sus\u0163ine ca Parlamentul s\u0103 o voteze azi. PNL cere am\u00e2nare. Eu cer la fel \u015fi spun c\u0103 e hazliu c\u0103 Parlamentul se pl\u00e2nge c\u0103 e subminat de Pre\u015fedinte \u015fi de CSM c\u00e2nd povestea a plecat de la OUG adoptat\u0103 de guvern. Deci dac\u0103 ne submineaz\u0103 cineva Guvernul e acela. T\u0103riceanu se enerveaz\u0103. Dragnea vrea am\u00e2nare. T\u0103riceanu se enerveaz\u0103 iar. Probleme \u00een c\u0103snicie sau mimare?&#8221;, scrie Ghinea pe Facebook.<\/p>\n<p>Potrivit lui Ghinea, Liviu Dragnea a supus la vot ordinea de zi a plenului reunit de luni \u00een forma ini\u0163ial\u0103 \u015fi i-a &#8220;promis&#8221; lui T\u0103riceanu c\u0103 declara\u0163ia sa va fi discutat\u0103 la viitoarea reuniune.<\/p>\n<p>Declara\u0163ia, publicat\u0103 de Ghinea, este o critic\u0103 a institu\u0163iilor care au sesizat la CCR Ordonan\u0163a de Urgen\u0163\u0103 13, privind Codurile penale.<\/p>\n<p>&#8220;Parlamentul Rom\u00e2niei salut\u0103 clarific\u0103rile pe care CCR le-a adus \u00een decizia sa din 8 februarie 2017. Declar\u00e2nd ca ne\u00eentemeiate sesiz\u0103rile CSM \u015fi pre\u015fedintelui Rom\u00e2niei, Curtea explic\u0103, pe de o parte, cum Parlamentul poate delega Guvernului printr-o lege special\u0103 de abilitare competen\u0163a de a emite ordonan\u0163e, iar pe de alt\u0103 parte c\u0103 executivul \u00abnu are obliga\u0163ia constitu\u0163ional\u0103 sau legal\u0103 de a solicita avizul CSM \u00een materia \u00een care a legiferat, iar CSM nu are abilitarea legal\u0103 de a emite un astfel de aviz\u00bb&#8221;, se arat\u0103 \u00een declara\u0163ia propus\u0103 de T\u0103riceanu.<\/p>\n<p>Documentul subliniaz\u0103 c\u0103, &#8220;\u00een condi\u0163ii normale&#8221;, astfel de l\u0103muriri nu ar fi fost necesare, \u00eens\u0103 \u00een actualele condi\u0163ii ar pune cap\u0103t &#8220;ac\u0163iunilor concertate de subminare&#8221; a Parlamentului.<\/p>\n<p>&#8220;Parlamentul Rom\u00e2niei consider\u0103 c\u0103 recenta decizie a Cur\u0163ii trebuie s\u0103 pun\u0103 cap\u0103t o dat\u0103 pentru totdeauna ac\u0163iunilor concertate de subminare a rolului \u015fi prestigiului Parlamentului ca institu\u0163ie central\u0103 a democra\u0163iei \u015fi organ reprezentantiv suprem al na\u0163iunii noastre. Parlamentul nu va mai accepta pe viitor s\u0103 fie redus la condi\u0163ia de spectator al unor decizii politice care se iau dup\u0103 criterii netransparente de c\u0103tre persoane care nu \u015fi-au c\u00e2\u015ftigat prin vot dreptul de a decide \u015fi de c\u0103tre agen\u0163ii ale statului conduse la r\u00e2ndul lor de persoane numite pentru \u00eendeplinirea unor atribu\u0163ii f\u0103r\u0103 caracter politic, de ordin judiciar sau \u0163in\u00e2nd de sfera siguran\u0163ei na\u0163ionale&#8221;, se mai arat\u0103 \u00een document.<\/p>\n<p>T\u0103riceanu propune \u00een text \u015fi reafirmarea Parlamentului ca institu\u0163ie &#8220;suprem\u0103&#8221;.<\/p>\n<p>&#8220;Parlamentul \u00ee\u015fi reafirm\u0103 suprema\u0163ia politic\u0103 fa\u0163\u0103 de toate celelalte institu\u0163ii publice \u015fi se arat\u0103 decis s\u0103-\u015fi exercite cele trei func\u0163ii fundamentale ce \u00eei revin prin Constitu\u0163ie. (&#8230;) Parlamentul, ca expresie a suveranit\u0103\u0163ii na\u0163ionale, reprezint\u0103 societatea rom\u00e2neasc\u0103 cu toate componentele ei&#8221;, se arat\u0103 \u00een document.<\/p>\n<p>C\u0103lin Popescu T\u0103riceanu se lanseaz\u0103 \u015fi \u00eentr-o critic\u0103 la adresa pre\u015fedintelui, care, prin modul direct de alegere, &#8220;a indus impresia gre\u015fit\u0103 c\u0103 cel ales este primul reprezentant al na\u0163iunii, c\u0103 ar fi un pre\u015fedinte absolut al rom\u00e2nilor, mai legitim \u015fi mai reprezentativ dec\u00e2t Parlamentul.<\/p>\n<p>&#8220;Nimeni \u015fi \u00een nicio materie nu-\u015fi poate aroga dreptul de a uzurpa autoritatea legislativ\u0103 a Parlamentului. (&#8230;) Parlamentul Rom\u00e2niei calific\u0103 drept neconstitu\u0163ionale \u015fi inacceptabile judec\u0103\u0163ile pe care fie Pre\u015fedintele Rom\u00e2niei, fie CSM, fie reprezentan\u0163i ai Ministerului Public le formuleaz\u0103 la adresa unor decizii \u015fi activit\u0103\u0163i ale Guvernului&#8221;, mai arat\u0103 textul.<\/p>\n<p>Sursa: News.ro\n<\/p><\/div>\n<p> Source URL: https:\/\/observatornews.ro\/politic\/tariceanu-vrea-ca-parlamentul-sasi-reafirme-suprematia-politica-199194.html<\/p>\n","protected":false},"excerpt":{"rendered":"<p>Pre\u015fedintele Senatului, C\u0103lin Popescu T\u0103riceanu, a propus conducerii Parlamentului ca plenul reunit s\u0103 adopte o declara\u0163ie \u00een care sunt criticate CSM, Ministerul Public \u015fi pre\u015fedintele Rom\u00e2niei, dup\u0103 decizia CCR privind OUG 13, \u015fi prin care Parlamentul \u00ee\u015fi &#8220;reafirm\u0103 suprema\u0163ia politic\u0103&#8221;. Pre\u015fedintele Camerei Deputa\u0163ilor, Liviu Dragnea, a cerut am\u00e2narea acestei dezbateri. Pre\u015fedintele Senatului, C\u0103lin Popescu T\u0103riceanu, [&hellip;]<\/p>\n","protected":false},"author":1,"featured_media":0,"comment_status":"open","ping_status":"","sticky":false,"template":"","format":"standard","meta":{"footnotes":""},"categories":[2],"tags":[30],"class_list":["post-366220","post","type-post","status-publish","format-standard","hentry","category-politics","tag-observatornews-ro"],"_links":{"self":[{"href":"https:\/\/analyse.optim.biz\/index.php?rest_route=\/wp\/v2\/posts\/366220","targetHints":{"allow":["GET"]}}],"collection":[{"href":"https:\/\/analyse.optim.biz\/index.php?rest_route=\/wp\/v2\/posts"}],"about":[{"href":"https:\/\/analyse.optim.biz\/index.php?rest_route=\/wp\/v2\/types\/post"}],"author":[{"embeddable":true,"href":"https:\/\/analyse.optim.biz\/index.php?rest_route=\/wp\/v2\/users\/1"}],"replies":[{"embeddable":true,"href":"https:\/\/analyse.optim.biz\/index.php?rest_route=%2Fwp%2Fv2%2Fcomments&post=366220"}],"version-history":[{"count":0,"href":"https:\/\/analyse.optim.biz\/index.php?rest_route=\/wp\/v2\/posts\/366220\/revisions"}],"wp:attachment":[{"href":"https:\/\/analyse.optim.biz\/index.php?rest_route=%2Fwp%2Fv2%2Fmedia&parent=366220"}],"wp:term":[{"taxonomy":"category","embeddable":true,"href":"https:\/\/analyse.optim.biz\/index.php?rest_route=%2Fwp%2Fv2%2Fcategories&post=366220"},{"taxonomy":"post_tag","embeddable":true,"href":"https:\/\/analyse.optim.biz\/index.php?rest_route=%2Fwp%2Fv2%2Ftags&post=366220"}],"curies":[{"name":"wp","href":"https:\/\/api.w.org\/{rel}","templated":true}]}}