{"id":366219,"date":"2017-02-13T12:50:00","date_gmt":"2017-02-13T09:50:00","guid":{"rendered":"https:\/\/analyse.optim.biz\/?p=366219"},"modified":"2017-02-13T12:50:00","modified_gmt":"2017-02-13T09:50:00","slug":"ponta-se-dezlantuie-pe-facebook-votul-meu-a-fost-batjocorit","status":"publish","type":"post","link":"https:\/\/analyse.optim.biz\/?p=366219","title":{"rendered":"Ponta se dezl\u0103n\u0163uie pe Facebook: &#8220;Votul meu a fost batjocorit&#8230;&#8221;"},"content":{"rendered":"<div class=\"description\" data-key=\"description\">Plenul comun al Camerei Deputa\u021bilor \u0219i Senatului se reune\u0219te, ast\u0103zi, pentru a da un aviz solicit\u0103rii pre\u0219edintelui Klaus Iohannis cu privire la organizarea unui referendum na\u021bional pe tema Justi\u021biei. \u00centr-o postare pe pagina lui de Facebook, Victor Ponta critic\u0103 solicitarea lui \u015fi sus\u0163ine c\u0103 \u201dsistemul lui B\u0103sescu a devenit Sistemul lui Iohannis\u201d, f\u0103c\u00e2nd trimitere la alegerea dictatorului fascist Benito Mussolini.<\/div>\n<div class=\"articleBody\" data-key=\"articleBody\">Plenul comun al Camerei Deputa\u021bilor \u0219i Senatului se reune\u0219te, ast\u0103zi, pentru a da un aviz solicit\u0103rii pre\u0219edintelui Klaus Iohannis cu privire la organizarea unui referendum na\u021bional pe tema Justi\u021biei. \u00centr-o postare pe pagina lui de Facebook, Victor Ponta critic\u0103 solicitarea lui \u015fi sus\u0163ine c\u0103 \u201dsistemul lui B\u0103sescu a devenit Sistemul lui Iohannis\u201d, f\u0103c\u00e2nd trimitere la alegerea dictatorului fascist Benito Mussolini.<\/p>\n<p>\u201eAm postat mai jos un link despre o situa\u021bie din istorie care seam\u0103n\u0103 foarte mult cu ce se \u00eent\u00e2mpl\u0103 azi \u00een Rom\u00e2nia. O bun\u0103 surs\u0103 de inspira\u021bie pt Dl Klaus Iohannis &#8211; \u00een 1934 \u00een Italia Alegerile Generale pt Parlament s-au f\u0103cut prin Referendum!<\/p>\n<p>Ca s\u0103 fie foarte clar \u2013 Referendumul solicitat de Dl Iohannis este (din punctul meu de vedere) un instrument de lupt\u0103 politic\u0103 total nedemocratic \u0219i toxic \u00een contextul actual al Rom\u00e2niei!<\/p>\n<p>Eu nu pot s\u0103 uit c\u0103 am votat la Referendumul din 2012 \u0219i votul meu a fost batjocorit de Sistemul lui B\u0103sescu (acum devenit Sistemul lui Iohannis) \u0219i de tot felul de \u201edeontologi\u201d \u0219i \u201eiubitori de Stat de Drept\u201d din \u021bar\u0103 \u0219i din str\u0103in\u0103tate\/ sigur c\u0103 acum exact acelea\u0219i persoane \u0219i \u201estructuri\u201d vor face campanie pt Referendumul lui Iohannis- nu pot s\u0103 \u00eei opresc dar m\u0103car nu voi fi complicele lor prin votul meu!\u201d, a scris Ponta pe Facebook.<\/p>\n<p>INFORMARESet\u0103rile tale privind cookie-urile nu permit afi\u0219area con\u021binutului din aceast\u0103 zon\u0103. E necesar s\u0103 accep\u021bi cookie-urile social media pentru afisarea acestui tip de con\u021binut. Modific\u0103 set\u0103rile<\/p>\n<p>Administra\u021bia Preziden\u021bial\u0103 a precizat c\u0103 \u0219eful statului a declan\u0219at pe 24 ianuarie procedura pentru organizarea referendumului prin care poporul s\u0103-\u0219i exprime voin\u021ba cu privire la urm\u0103toarea problem\u0103 de interes na\u021bional: \u201dContinuarea luptei \u00eempotriva corup\u021biei \u0219i asigurarea integrit\u0103\u021bii func\u021biei publice\u201d.<\/p>\n<\/div>\n<p> Source URL: https:\/\/observatornews.ro\/politic\/ponta-se-dezlantuie-pe-facebook-199197.html<\/p>\n","protected":false},"excerpt":{"rendered":"<p>Plenul comun al Camerei Deputa\u021bilor \u0219i Senatului se reune\u0219te, ast\u0103zi, pentru a da un aviz solicit\u0103rii pre\u0219edintelui Klaus Iohannis cu privire la organizarea unui referendum na\u021bional pe tema Justi\u021biei. \u00centr-o postare pe pagina lui de Facebook, Victor Ponta critic\u0103 solicitarea lui \u015fi sus\u0163ine c\u0103 \u201dsistemul lui B\u0103sescu a devenit Sistemul lui Iohannis\u201d, f\u0103c\u00e2nd trimitere la [&hellip;]<\/p>\n","protected":false},"author":1,"featured_media":0,"comment_status":"open","ping_status":"","sticky":false,"template":"","format":"standard","meta":{"footnotes":""},"categories":[2],"tags":[30],"class_list":["post-366219","post","type-post","status-publish","format-standard","hentry","category-politics","tag-observatornews-ro"],"_links":{"self":[{"href":"https:\/\/analyse.optim.biz\/index.php?rest_route=\/wp\/v2\/posts\/366219","targetHints":{"allow":["GET"]}}],"collection":[{"href":"https:\/\/analyse.optim.biz\/index.php?rest_route=\/wp\/v2\/posts"}],"about":[{"href":"https:\/\/analyse.optim.biz\/index.php?rest_route=\/wp\/v2\/types\/post"}],"author":[{"embeddable":true,"href":"https:\/\/analyse.optim.biz\/index.php?rest_route=\/wp\/v2\/users\/1"}],"replies":[{"embeddable":true,"href":"https:\/\/analyse.optim.biz\/index.php?rest_route=%2Fwp%2Fv2%2Fcomments&post=366219"}],"version-history":[{"count":0,"href":"https:\/\/analyse.optim.biz\/index.php?rest_route=\/wp\/v2\/posts\/366219\/revisions"}],"wp:attachment":[{"href":"https:\/\/analyse.optim.biz\/index.php?rest_route=%2Fwp%2Fv2%2Fmedia&parent=366219"}],"wp:term":[{"taxonomy":"category","embeddable":true,"href":"https:\/\/analyse.optim.biz\/index.php?rest_route=%2Fwp%2Fv2%2Fcategories&post=366219"},{"taxonomy":"post_tag","embeddable":true,"href":"https:\/\/analyse.optim.biz\/index.php?rest_route=%2Fwp%2Fv2%2Ftags&post=366219"}],"curies":[{"name":"wp","href":"https:\/\/api.w.org\/{rel}","templated":true}]}}