{"id":366195,"date":"2017-02-13T14:31:00","date_gmt":"2017-02-13T11:31:00","guid":{"rendered":"https:\/\/analyse.optim.biz\/?p=366195"},"modified":"2017-02-13T14:31:00","modified_gmt":"2017-02-13T11:31:00","slug":"sorin-grindeanu-s-a-intalnit-cu-reprezentantii-cnmr-au-avut-loc-discutii-despre-imbunatatirea-procesului-de-absorbtie-a-fondurilor-europene","status":"publish","type":"post","link":"https:\/\/analyse.optim.biz\/?p=366195","title":{"rendered":"Sorin Grindeanu s-a \u00eent\u00e2lnit cu reprezentan\u021bii CNMR. Au avut loc discu\u0163ii despre \u00eembun\u0103t\u0103\u0163irea procesului de absorb\u0163ie a fondurilor europene"},"content":{"rendered":"<div class=\"description\" data-key=\"description\">Premierul Sorin Grindeanu a avut luni o prim\u0103 \u00eent\u00e2lnire cu reprezentan\u021bi ai Coali\u021biei Na\u021bionale pentru Modernizarea Rom\u00e2niei (CNMR), discu\u021biile viz\u00e2nd absorb\u021bia fondurilor europene \u0219i modalit\u0103\u021bile de \u00eembun\u0103t\u0103\u021bire a acestui proces.<\/div>\n<div class=\"articleBody\" data-key=\"articleBody\">Premierul Sorin Grindeanu a avut luni o prim\u0103 \u00eent\u00e2lnire cu reprezentan\u021bi ai Coali\u021biei Na\u021bionale pentru Modernizarea Rom\u00e2niei (CNMR), discu\u021biile viz\u00e2nd absorb\u021bia fondurilor europene \u0219i modalit\u0103\u021bile de \u00eembun\u0103t\u0103\u021bire a acestui proces.<\/p>\n<p>Potrivit unui comunicat al Executivului, prim-ministrul \u00eencurajeaz\u0103 dialogul \u00eentre Guvern \u0219i Coali\u021bia Na\u021bional\u0103 pentru Modernizarea Rom\u00e2niei condus\u0103 de Alexandru Cump\u0103na\u0219u.<\/p>\n<p>&#8220;Premierul Sorin Grindeanu a avut ast\u0103zi o prim\u0103 \u00eent\u00e2lnire cu reprezentan\u021bi ai Coali\u021biei Na\u021bionale pentru Modernizarea Rom\u00e2niei, parte a demersurilor de dialog \u00eentre cele dou\u0103 institu\u021bii. \u0218eful Executivului a \u00eencurajat continuarea cooper\u0103rii prin \u00eent\u00e2lniri periodice \u00eentre membrii coali\u021biei cu mini\u0219tri \u0219i echipe de speciali\u0219ti din ministere pentru a identifica \u00eempreun\u0103 cele mai bune solu\u021bii pentru fiecare domeniu prioritar&#8221;, se arat\u0103 \u00een comunicat.<\/p>\n<p>Conform sursei citate, discu\u021biile au fost axate asupra absorb\u021biei fondurilor europene \u0219i modalit\u0103\u021bi de \u00eembun\u0103t\u0103\u021bire a acestui proces, context \u00een care ministrul delegat Mihaela Toader a prezentat calendarul de lucru pentru perioada urm\u0103toare.<\/p>\n<p>Ministrul Educa\u021biei Na\u021bionale, Pavel N\u0103stase, a prezentat viziunea Guvernului privind dezvoltarea Educa\u021biei \u0219i Cercet\u0103rii, domenii prioritare ale actualului Executiv, relev\u0103 comunicatul.<\/p>\n<p>Potrivit Guvernului, discu\u021biile au vizat aspecte legate de transparen\u021ba \u0219i eficacitatea administra\u021biei publice, de exploatarea resurselor energetice \u0219i naturale, de noul proiect al legii salariz\u0103rii unitare, dar \u0219i de domeniul IT&amp;C.<\/p>\n<p>&#8220;Premierul Sorin Grindeanu a subliniat c\u0103 toate aceste domenii prioritare pentru Guvern trebuie abordate din perspectiva interesului na\u021bional \u0219i a binelui public&#8221;, se mai arat\u0103 \u00een comunicat.\n<\/p><\/div>\n<p> Source URL: https:\/\/observatornews.ro\/politic\/sorin-grindeanu-sa-intalnit-cu-reprezentantii-cnmr-au-avut-loc-discutii-despre-imbunatatirea-procesului-de-absorbtie-a-fondurilor-europene-199204.html<\/p>\n","protected":false},"excerpt":{"rendered":"<p>Premierul Sorin Grindeanu a avut luni o prim\u0103 \u00eent\u00e2lnire cu reprezentan\u021bi ai Coali\u021biei Na\u021bionale pentru Modernizarea Rom\u00e2niei (CNMR), discu\u021biile viz\u00e2nd absorb\u021bia fondurilor europene \u0219i modalit\u0103\u021bile de \u00eembun\u0103t\u0103\u021bire a acestui proces. Premierul Sorin Grindeanu a avut luni o prim\u0103 \u00eent\u00e2lnire cu reprezentan\u021bi ai Coali\u021biei Na\u021bionale pentru Modernizarea Rom\u00e2niei (CNMR), discu\u021biile viz\u00e2nd absorb\u021bia fondurilor europene \u0219i modalit\u0103\u021bile [&hellip;]<\/p>\n","protected":false},"author":1,"featured_media":366196,"comment_status":"open","ping_status":"","sticky":false,"template":"","format":"standard","meta":{"footnotes":""},"categories":[2],"tags":[30],"class_list":["post-366195","post","type-post","status-publish","format-standard","has-post-thumbnail","hentry","category-politics","tag-observatornews-ro"],"_links":{"self":[{"href":"https:\/\/analyse.optim.biz\/index.php?rest_route=\/wp\/v2\/posts\/366195","targetHints":{"allow":["GET"]}}],"collection":[{"href":"https:\/\/analyse.optim.biz\/index.php?rest_route=\/wp\/v2\/posts"}],"about":[{"href":"https:\/\/analyse.optim.biz\/index.php?rest_route=\/wp\/v2\/types\/post"}],"author":[{"embeddable":true,"href":"https:\/\/analyse.optim.biz\/index.php?rest_route=\/wp\/v2\/users\/1"}],"replies":[{"embeddable":true,"href":"https:\/\/analyse.optim.biz\/index.php?rest_route=%2Fwp%2Fv2%2Fcomments&post=366195"}],"version-history":[{"count":0,"href":"https:\/\/analyse.optim.biz\/index.php?rest_route=\/wp\/v2\/posts\/366195\/revisions"}],"wp:featuredmedia":[{"embeddable":true,"href":"https:\/\/analyse.optim.biz\/index.php?rest_route=\/wp\/v2\/media\/366196"}],"wp:attachment":[{"href":"https:\/\/analyse.optim.biz\/index.php?rest_route=%2Fwp%2Fv2%2Fmedia&parent=366195"}],"wp:term":[{"taxonomy":"category","embeddable":true,"href":"https:\/\/analyse.optim.biz\/index.php?rest_route=%2Fwp%2Fv2%2Fcategories&post=366195"},{"taxonomy":"post_tag","embeddable":true,"href":"https:\/\/analyse.optim.biz\/index.php?rest_route=%2Fwp%2Fv2%2Ftags&post=366195"}],"curies":[{"name":"wp","href":"https:\/\/api.w.org\/{rel}","templated":true}]}}