{"id":366156,"date":"2017-02-14T05:07:00","date_gmt":"2017-02-14T02:07:00","guid":{"rendered":"https:\/\/analyse.optim.biz\/?p=366156"},"modified":"2017-02-14T05:07:00","modified_gmt":"2017-02-14T02:07:00","slug":"intalnire-iohannis-grindeanu-la-palatul-cotroceni-pe-legea-bugetului-de-stat","status":"publish","type":"post","link":"https:\/\/analyse.optim.biz\/?p=366156","title":{"rendered":"\u00cent\u00e2lnire Iohannis-Grindeanu la Palatul Cotroceni, pe legea bugetului de stat"},"content":{"rendered":"<div class=\"description\" data-key=\"description\">Legea bugetului de stat pe anul 2017 va fi discutat\u0103, mar\u0163i, la Palatul Cotroceni, de pre\u015fedintele Klaus Iohannis cu premierul Sorin Grindeanu \u015fi ministrul Finan\u0163elor Publice, Viorel \u015etefan.<\/div>\n<div class=\"articleBody\" data-key=\"articleBody\">Legea bugetului de stat pe anul 2017 va fi discutat\u0103, mar\u0163i, la Palatul Cotroceni, de pre\u015fedintele Klaus Iohannis cu premierul Sorin Grindeanu \u015fi ministrul Finan\u0163elor Publice, Viorel \u015etefan.<\/p>\n<p>Luni, pre\u015fedintele Iohannis i-a transmis premierului Sorin Grindeanu o scrisoare prin care \u00eei solicit\u0103 o \u00eentrevedere cu privire la Legea bugetului de stat pe anul 2017.<\/p>\n<p>&#8216;Av\u00e2nd \u00een vedere ca ast\u0103zi (luni &#8211; n.r.) Parlamentul Rom\u00e2niei a transmis spre promulgare Legea bugetului de stat pe anul 2017 \u015fi Legea bugetului asigur\u0103rilor sociale de stat pe anul 2017, consider oportun\u0103 o \u00eentrevedere cu privire la cele dou\u0103 acte normative, la care v\u0103 invit \u00eempreun\u0103 cu ministrul Finan\u0163elor Publice, domnul Viorel \u015etefan, mar\u0163i, 14 februarie, ora 11,00, la Palatul Cotroceni&#8217;, se arat\u0103 \u00een scrisoare.<\/p>\n<p>Sursa: Agerpres\n<\/p><\/div>\n<p> Source URL: https:\/\/observatornews.ro\/politic\/intalnire-iohannisgrindeanu-pe-legea-bugetului-de-stat-199256.html<\/p>\n","protected":false},"excerpt":{"rendered":"<p>Legea bugetului de stat pe anul 2017 va fi discutat\u0103, mar\u0163i, la Palatul Cotroceni, de pre\u015fedintele Klaus Iohannis cu premierul Sorin Grindeanu \u015fi ministrul Finan\u0163elor Publice, Viorel \u015etefan. Legea bugetului de stat pe anul 2017 va fi discutat\u0103, mar\u0163i, la Palatul Cotroceni, de pre\u015fedintele Klaus Iohannis cu premierul Sorin Grindeanu \u015fi ministrul Finan\u0163elor Publice, Viorel [&hellip;]<\/p>\n","protected":false},"author":1,"featured_media":0,"comment_status":"open","ping_status":"","sticky":false,"template":"","format":"standard","meta":{"footnotes":""},"categories":[2],"tags":[30],"class_list":["post-366156","post","type-post","status-publish","format-standard","hentry","category-politics","tag-observatornews-ro"],"_links":{"self":[{"href":"https:\/\/analyse.optim.biz\/index.php?rest_route=\/wp\/v2\/posts\/366156","targetHints":{"allow":["GET"]}}],"collection":[{"href":"https:\/\/analyse.optim.biz\/index.php?rest_route=\/wp\/v2\/posts"}],"about":[{"href":"https:\/\/analyse.optim.biz\/index.php?rest_route=\/wp\/v2\/types\/post"}],"author":[{"embeddable":true,"href":"https:\/\/analyse.optim.biz\/index.php?rest_route=\/wp\/v2\/users\/1"}],"replies":[{"embeddable":true,"href":"https:\/\/analyse.optim.biz\/index.php?rest_route=%2Fwp%2Fv2%2Fcomments&post=366156"}],"version-history":[{"count":0,"href":"https:\/\/analyse.optim.biz\/index.php?rest_route=\/wp\/v2\/posts\/366156\/revisions"}],"wp:attachment":[{"href":"https:\/\/analyse.optim.biz\/index.php?rest_route=%2Fwp%2Fv2%2Fmedia&parent=366156"}],"wp:term":[{"taxonomy":"category","embeddable":true,"href":"https:\/\/analyse.optim.biz\/index.php?rest_route=%2Fwp%2Fv2%2Fcategories&post=366156"},{"taxonomy":"post_tag","embeddable":true,"href":"https:\/\/analyse.optim.biz\/index.php?rest_route=%2Fwp%2Fv2%2Ftags&post=366156"}],"curies":[{"name":"wp","href":"https:\/\/api.w.org\/{rel}","templated":true}]}}