{"id":366153,"date":"2017-02-14T08:36:00","date_gmt":"2017-02-14T05:36:00","guid":{"rendered":"https:\/\/analyse.optim.biz\/?p=366153"},"modified":"2017-02-14T08:36:00","modified_gmt":"2017-02-14T05:36:00","slug":"ponta-dezvaluiri-in-premiera-despre-posibila-preluare-a-functiei-de-ministru-al-justitiei","status":"publish","type":"post","link":"https:\/\/analyse.optim.biz\/?p=366153","title":{"rendered":"Ponta, dezv\u0103luiri \u00ceN PREMIER\u0102 despre posibila preluare a func\u0163iei de ministru al Justi\u0163iei"},"content":{"rendered":"<div class=\"description\" data-key=\"description\">Victor Ponta a reac\u0163ionat, ast\u0103zi, \u00eentr-o postare pe Facebook, legat de specula\u0163iile potrivit c\u0103rora deputatul PSD ar urma s\u0103 preia portofoliul\u00a0de la Justi\u0163ie. Fostul premier a precizat c\u0103 nu i-a propus nimeni s\u0103 fie ministru al Justi\u0163iei \u015fi c\u0103 nu \u00ee\u015fi dore\u015fte \u201eabsolut deloc\u201d aceast\u0103 func\u0163ie.\u00a0<\/div>\n<div class=\"articleBody\" data-key=\"articleBody\">Victor Ponta a reac\u0163ionat, ast\u0103zi, \u00eentr-o postare pe Facebook, legat de specula\u0163iile potrivit c\u0103rora deputatul PSD ar urma s\u0103 preia portofoliul\u00a0de la Justi\u0163ie. Fostul premier a precizat c\u0103 nu i-a propus nimeni s\u0103 fie ministru al Justi\u0163iei \u015fi c\u0103 nu \u00ee\u015fi dore\u015fte \u201eabsolut deloc\u201d aceast\u0103 func\u0163ie.\u00a0<\/p>\n<p>\u201eAm spus c\u0103 nu m\u0103 mai intereseaz\u0103 \u015fi nu mai r\u0103spund la toate prostiile \u015fi b\u00e2rfele \u00abdin pia\u0163\u0103\u00bb \/ dar pentru c\u0103 oameni serio\u015fi m-au \u00eentrebat azi trebuie s\u0103 precizez: nu mi-a propus nimeni s\u0103 fiu Ministrul Justi\u0163iei \u015fi nu imi doresc absolut deloc a\u015fa ceva ! Clar? ( ultima dat\u0103 c\u00e2nd am fost Ministru al Justitiei am f\u0103cut numai gre\u015feli)!\u201d, a scris Victor Ponta.\u00a0<\/p>\n<p>INFORMARESet\u0103rile tale privind cookie-urile nu permit afi\u0219area con\u021binutului din aceast\u0103 zon\u0103. E necesar s\u0103 accep\u021bi cookie-urile social media pentru afisarea acestui tip de con\u021binut. Modific\u0103 set\u0103rile<\/p>\n<p>Ministrul Muncii, Lia Olgu\u0163a Vasilescu, a declarat, asear\u0103, la un post de televiziune, \u00eentrebat\u0103 despre informa\u0163iile potrivit c\u0103rora premierul Sorin Grindeanu s-ar fi \u00eent\u00e2lnit cu fostul premier Victor Ponta, c\u0103 nu vede care este problema, iar \u00eentrebat\u0103 dac\u0103 Ponta ar putea face parte din Guvern, ea a r\u0103spuns c\u0103 este posibil.\u00a0<\/p>\n<p>Pre\u015fedintele Senatului, C\u0103lin Popescu T\u0103riceanu, a afirmat luni, la Parlament, referitor la situa\u0163ia de la Ministerul Justi\u0163iei, c\u0103, \u201ef\u0103r\u0103 \u00eendoial\u0103\u201d coali\u0163ia PSD-ALDE nu va a\u015ftepta 45 de zile pentru desemnarea unui nou ministru, deoarece este \u015fi interesul premierului Sorin Grindeanu de a avea un minister care s\u0103 fie capabil 100% \u201es\u0103 se dedice rolului \u015fi atribu\u0163iilor\u201d pe care le are.<\/p>\n<p>Pre\u015fedintele Klaus Iohannis a semnat, vineri, decretele pentru eliberarea din func\u0163ia de ministru al Justi\u0163iei a lui Florin Iordache \u015fi pentru numirea Anei Birchall ca ministru interimar la Justi\u0163ie.<\/p>\n<p>Ministrul interimar al Justi\u0163iei, Ana Birchall, a declarat vineri, la intrarea \u00een sediul MJ, c\u0103 luni vrea s\u0103 aib\u0103 o prim\u0103 \u00eent\u00e2lnire cu Consiliul Superior al Magistraturii, DNA, DIICOT \u015fi cu to\u0163i cei care au un cuv\u00e2nt de spus \u00een domeniul justi\u0163iei, pentru a g\u0103si cele mai bine solu\u0163ii pentru \u00eent\u0103rirea luptei \u00eempotriva corup\u0163ie, dar \u015fi pentru ap\u0103rarea drepturilor fundamentale ale omului. Birchall a spus c\u0103 nu are o agend\u0103 ascuns\u0103 la Ministerul Justi\u0163iei \u015fi este deschis\u0103 la orice solu\u0163ie \u00een domeniul justi\u0163iei, preciz\u00e2nd c\u0103 solu\u0163ia final\u0103 trebuie s\u0103 vin\u0103 din Parlament.\n<\/p><\/div>\n<p> Source URL: https:\/\/observatornews.ro\/politic\/ponta-dezvaluiri-despre-posibila-preluare-a-functiei-de-ministru-al-justitiei-199277.html<\/p>\n","protected":false},"excerpt":{"rendered":"<p>Victor Ponta a reac\u0163ionat, ast\u0103zi, \u00eentr-o postare pe Facebook, legat de specula\u0163iile potrivit c\u0103rora deputatul PSD ar urma s\u0103 preia portofoliul\u00a0de la Justi\u0163ie. Fostul premier a precizat c\u0103 nu i-a propus nimeni s\u0103 fie ministru al Justi\u0163iei \u015fi c\u0103 nu \u00ee\u015fi dore\u015fte \u201eabsolut deloc\u201d aceast\u0103 func\u0163ie.\u00a0 Victor Ponta a reac\u0163ionat, ast\u0103zi, \u00eentr-o postare pe Facebook, [&hellip;]<\/p>\n","protected":false},"author":1,"featured_media":0,"comment_status":"open","ping_status":"","sticky":false,"template":"","format":"standard","meta":{"footnotes":""},"categories":[2],"tags":[30],"class_list":["post-366153","post","type-post","status-publish","format-standard","hentry","category-politics","tag-observatornews-ro"],"_links":{"self":[{"href":"https:\/\/analyse.optim.biz\/index.php?rest_route=\/wp\/v2\/posts\/366153","targetHints":{"allow":["GET"]}}],"collection":[{"href":"https:\/\/analyse.optim.biz\/index.php?rest_route=\/wp\/v2\/posts"}],"about":[{"href":"https:\/\/analyse.optim.biz\/index.php?rest_route=\/wp\/v2\/types\/post"}],"author":[{"embeddable":true,"href":"https:\/\/analyse.optim.biz\/index.php?rest_route=\/wp\/v2\/users\/1"}],"replies":[{"embeddable":true,"href":"https:\/\/analyse.optim.biz\/index.php?rest_route=%2Fwp%2Fv2%2Fcomments&post=366153"}],"version-history":[{"count":0,"href":"https:\/\/analyse.optim.biz\/index.php?rest_route=\/wp\/v2\/posts\/366153\/revisions"}],"wp:attachment":[{"href":"https:\/\/analyse.optim.biz\/index.php?rest_route=%2Fwp%2Fv2%2Fmedia&parent=366153"}],"wp:term":[{"taxonomy":"category","embeddable":true,"href":"https:\/\/analyse.optim.biz\/index.php?rest_route=%2Fwp%2Fv2%2Fcategories&post=366153"},{"taxonomy":"post_tag","embeddable":true,"href":"https:\/\/analyse.optim.biz\/index.php?rest_route=%2Fwp%2Fv2%2Ftags&post=366153"}],"curies":[{"name":"wp","href":"https:\/\/api.w.org\/{rel}","templated":true}]}}