{"id":366013,"date":"2017-02-15T09:23:00","date_gmt":"2017-02-15T06:23:00","guid":{"rendered":"https:\/\/analyse.optim.biz\/?p=366013"},"modified":"2017-02-15T09:23:00","modified_gmt":"2017-02-15T06:23:00","slug":"ponta-dezvaluiri-de-ultima-ora-despre-proteste-de-ce-a-ales-sa-taca-fostul-premier-video","status":"publish","type":"post","link":"https:\/\/analyse.optim.biz\/?p=366013","title":{"rendered":"PONTA, dezv\u0103luiri de ultim\u0103 or\u0103 despre PROTESTE. De ce a ales s\u0103 tac\u0103 fostul premier (VIDEO)"},"content":{"rendered":"<div class=\"description\" data-key=\"description\">Victor Ponta a declarat, \u00een aceast\u0103 diminea\u0163\u0103, dup\u0103 \u00eent\u00e2lnirea pe care a avut-o cu premierul Sorin Grindeanu la Parlament, c\u0103 nu sunt tensiuni \u00een PSD.<\/div>\n<div class=\"articleBody\" data-key=\"articleBody\">Victor Ponta a declarat, \u00een aceast\u0103 diminea\u0163\u0103, dup\u0103 \u00eent\u00e2lnirea pe care a avut-o cu premierul Sorin Grindeanu la Parlament, c\u0103 nu sunt tensiuni \u00een PSD.<\/p>\n<p>&#8220;Eu nu sunt tensionat&#8221;, le-a spus Ponta jurnali\u015ftilor.<\/p>\n<p>\u00centrebat despre ordonan\u0163ele OUG 13, OUG 14, abrog\u0103ri \u015fi proteste, fostul premier a r\u0103spuns: &#8220;Dac\u0103 am preferat s\u0103 tac p\u00e2n\u0103 acum, \u00eenseamn\u0103 c\u0103 am avut un motiv&#8221;.<\/p>\n<\/div>\n<p> Source URL: https:\/\/observatornews.ro\/politic\/ponta-dezvaluiri-de-ultima-ora-despre-proteste-de-ce-a-ales-sa-tace-fostul-premier-199405.html<\/p>\n","protected":false},"excerpt":{"rendered":"<p>Victor Ponta a declarat, \u00een aceast\u0103 diminea\u0163\u0103, dup\u0103 \u00eent\u00e2lnirea pe care a avut-o cu premierul Sorin Grindeanu la Parlament, c\u0103 nu sunt tensiuni \u00een PSD. Victor Ponta a declarat, \u00een aceast\u0103 diminea\u0163\u0103, dup\u0103 \u00eent\u00e2lnirea pe care a avut-o cu premierul Sorin Grindeanu la Parlament, c\u0103 nu sunt tensiuni \u00een PSD. &#8220;Eu nu sunt tensionat&#8221;, le-a [&hellip;]<\/p>\n","protected":false},"author":1,"featured_media":0,"comment_status":"open","ping_status":"","sticky":false,"template":"","format":"standard","meta":{"footnotes":""},"categories":[2],"tags":[30],"class_list":["post-366013","post","type-post","status-publish","format-standard","hentry","category-politics","tag-observatornews-ro"],"_links":{"self":[{"href":"https:\/\/analyse.optim.biz\/index.php?rest_route=\/wp\/v2\/posts\/366013","targetHints":{"allow":["GET"]}}],"collection":[{"href":"https:\/\/analyse.optim.biz\/index.php?rest_route=\/wp\/v2\/posts"}],"about":[{"href":"https:\/\/analyse.optim.biz\/index.php?rest_route=\/wp\/v2\/types\/post"}],"author":[{"embeddable":true,"href":"https:\/\/analyse.optim.biz\/index.php?rest_route=\/wp\/v2\/users\/1"}],"replies":[{"embeddable":true,"href":"https:\/\/analyse.optim.biz\/index.php?rest_route=%2Fwp%2Fv2%2Fcomments&post=366013"}],"version-history":[{"count":0,"href":"https:\/\/analyse.optim.biz\/index.php?rest_route=\/wp\/v2\/posts\/366013\/revisions"}],"wp:attachment":[{"href":"https:\/\/analyse.optim.biz\/index.php?rest_route=%2Fwp%2Fv2%2Fmedia&parent=366013"}],"wp:term":[{"taxonomy":"category","embeddable":true,"href":"https:\/\/analyse.optim.biz\/index.php?rest_route=%2Fwp%2Fv2%2Fcategories&post=366013"},{"taxonomy":"post_tag","embeddable":true,"href":"https:\/\/analyse.optim.biz\/index.php?rest_route=%2Fwp%2Fv2%2Ftags&post=366013"}],"curies":[{"name":"wp","href":"https:\/\/api.w.org\/{rel}","templated":true}]}}