{"id":366009,"date":"2017-02-15T10:29:00","date_gmt":"2017-02-15T07:29:00","guid":{"rendered":"https:\/\/analyse.optim.biz\/?p=366009"},"modified":"2017-02-15T10:29:00","modified_gmt":"2017-02-15T07:29:00","slug":"elena-udrea-a-fost-la-psiholog-si-spune-ca-e-nevinovata-in-dosarul-gala-bute-pentru-ca-a-vrut-sa-fie-presedinte-nu-sa-comita-fapte-de-coruptie","status":"publish","type":"post","link":"https:\/\/analyse.optim.biz\/?p=366009","title":{"rendered":"Elena Udrea a fost la psiholog \u015fi spune c\u0103 e nevinovat\u0103 \u00een dosarul Gala Bute, pentru c\u0103 a vrut s\u0103 fie pre\u015fedinte, nu s\u0103 comit\u0103 fapte de corup\u0163ie"},"content":{"rendered":"<div class=\"description\" data-key=\"description\">Miercuri trebuia s\u0103 fie judecat ultimul termen din dosarul &#8220;Gala Bute\u201d, \u00eens\u0103 instan\u0163a nu l-a putut audiat pe Felix T\u0103taru, care a comunicat printr-o \u00een\u015ftiin\u0163are trimis\u0103 prin fax c\u0103 este plecat din \u0163ar\u0103 \u015fi nu se poate prezenta la aceast\u0103 dat\u0103 pentru a da declara\u0163ii \u00een calitate de martor. Elena Udrea a depus un raport psihologic care, sus\u0163ine ea, c\u0103 a vrut s\u0103 fie pre\u015fedintele Rom\u00e2niei, nu s\u0103 se compromit\u0103 comi\u0163\u00e2nd acte de corup\u0163ie.<\/div>\n<div class=\"articleBody\" data-key=\"articleBody\">Miercuri trebuia s\u0103 fie judecat ultimul termen din dosarul &#8220;Gala Bute\u201d, \u00eens\u0103 instan\u0163a nu l-a putut audiat pe Felix T\u0103taru, care a comunicat printr-o \u00een\u015ftiin\u0163are trimis\u0103 prin fax c\u0103 este plecat din \u0163ar\u0103 \u015fi nu se poate prezenta la aceast\u0103 dat\u0103 pentru a da declara\u0163ii \u00een calitate de martor. Elena Udrea a depus un raport psihologic care, sus\u0163ine ea, c\u0103 a vrut s\u0103 fie pre\u015fedintele Rom\u00e2niei, nu s\u0103 se compromit\u0103 comi\u0163\u00e2nd acte de corup\u0163ie.<\/p>\n<p>Avocatul Elenei Udrea i-a spus judec\u0103torului c\u0103 vrea s\u0103 depun\u0103 un raport de expertiz\u0103 psiho-legal\u0103, finalizat \u00een decembrie 2016, \u00een care concluziile scrise sunt ale psihologului Tudorel Butoi. \u00cen acest raport sunt analizate at\u00e2t comportamentul Elenei Udrea, c\u00e2t \u015fi ale inculpa\u0163ilor din dosarul &#8220;Gala Bute&#8221; care au dat declara\u0163ii \u00eempotriva ei.<\/p>\n<p>Procurorul DNA prezent la \u015fedin\u0163a de judecat\u0103 a cerut instan\u0163ei s\u0103 nu admit\u0103 aceast\u0103 prob\u0103, \u00eentruc\u00e2t raportul a fost f\u0103cut cu mult timp \u00een urm\u0103 \u015fi nu mai este util \u00een aceast\u0103 faz\u0103 a procesului.<\/p>\n<p>Judec\u0103torul a admis depunerea raportului de expertiz\u0103. &#8220;\u00cen ceea ce m\u0103 prive\u015fte, e important faptul c\u0103 aceste concluzii contrazic teoria procurorilor, c\u0103 Elena Udrea a \u00eencasat 10% din contracte, c\u0103 \u015fi-a f\u0103cut o re\u0163ea, nastasia, topoliceanu. Raportul meu arat\u0103 c\u0103 mi-am dorit foarte mult cariar\u0103, ca s\u0103 fiu pre\u015fedinte&#8230; Concluzia: cariera mea de om politic, obiectivele mele au fost de a face performan\u0163\u0103, nu de a m\u0103 compromite. Sunt ni\u015fte teste, se fac chestionare, c\u00e2nd o s\u0103 termin masteratul \u00een psihologie o s\u0103 \u015ftiu mai multe.&#8221;<\/p>\n<p>Instan\u0163a a stabilit urm\u0103torul termen pentru 1 martie, c\u00e2nd ar putea fi \u00eencheiat\u0103 judecata pe fond \u00een dosarul &#8220;Gala Bute\u201d.<\/p>\n<p>Elena Udrea a declarat, la finalul \u015fedin\u0163ei de judecat\u0103, c\u0103 expertiza extrajudiciar\u0103 psiho-legal\u0103 nu a inclus \u015fi testul cu detectorul de minciuni, ci a vizat comportamentul ei \u015fi al celor care au f\u0103cut declara\u0163ii \u00eempotriva ei \u00een dosarul &#8220;Gala Bute\u201d.<\/p>\n<p>&#8220;Logica acestui raport de expertiz\u0103 psiho-legal\u0103, f\u0103cut\u0103 de reputatul profesor Butoi, a fost acela de a ar\u0103ta c\u0103 din declara\u0163iile contradictorii, care se bat cap \u00een cap cu declara\u0163iile acelora\u015fi persoane sau cap \u00een cap cu declara\u0163iile celor care fac acuza\u0163ii la adresa mea, c\u0103 au un comportament mincinos \u015fi c\u0103 au dat aceste declara\u0163ii \u00een dorin\u0163a de a-\u015fi salva propria piele, \u00een condi\u0163ile \u00een care, la dosar, \u00eempotriva mea nu exist\u0103 nicio prob\u0103, dec\u00e2t declara\u0163iile fie a domnului Nastasia, fie a doamnei Topoliceanu, fie declara\u0163ii referitoare la mine ale domnului G\u0103rdean.&#8221;, a spus Udrea.<\/p>\n<p>Dosarul &#8220;Gala Bute&#8221; a ajuns la instan\u0163a suprem\u0103 \u00een aprilie 2015. Procurorii \u00eei acuz\u0103 de fapte de corup\u0163ie pe fostul ministru al Dezvolt\u0103rii Regionale \u015fi Turismului Elena Udrea, fostul ministru al Economiei Ion Ariton, fostul pre\u015fedinte al Federa\u0163iei Rom\u00e2ne de Box Rudel Obreja, fostul director al Companiei Na\u0163ionale de Investi\u0163ii Ana Maria Topoliceanu, fostul asistent personal al Elenei Udrea, Tudor Breazu, fostul consilier al Elenei Udrea, \u015etefan Lungu, fostul secretar general \u00een MDRT Gheorghe Nastasia \u015fi omul de afaceri Drago\u015f Botoroag\u0103.<\/p>\n<p>Printre faptele pentru care ace\u015ftia au fost trimi\u015fi \u00een judecat\u0103 sunt: luare sau dare de mit\u0103, abuz \u00een serviciu, complicitate la luare de mit\u0103, evaziune fiscal\u0103 \u015fi sp\u0103lare de bani. \u00a0\n<\/p><\/div>\n<p> Source URL: https:\/\/observatornews.ro\/politic\/elena-udrea-a-fost-la-psiholog-si-sustine-ca-e-nevinovata-in-dosarul-gala-bute-pentru-ca-a-vrut-sa-fie-presedinte-nu-sa-comitp-acte-de-coruptie-199414.html<\/p>\n","protected":false},"excerpt":{"rendered":"<p>Miercuri trebuia s\u0103 fie judecat ultimul termen din dosarul &#8220;Gala Bute\u201d, \u00eens\u0103 instan\u0163a nu l-a putut audiat pe Felix T\u0103taru, care a comunicat printr-o \u00een\u015ftiin\u0163are trimis\u0103 prin fax c\u0103 este plecat din \u0163ar\u0103 \u015fi nu se poate prezenta la aceast\u0103 dat\u0103 pentru a da declara\u0163ii \u00een calitate de martor. Elena Udrea a depus un raport [&hellip;]<\/p>\n","protected":false},"author":1,"featured_media":366010,"comment_status":"open","ping_status":"","sticky":false,"template":"","format":"standard","meta":{"footnotes":""},"categories":[2],"tags":[30],"class_list":["post-366009","post","type-post","status-publish","format-standard","has-post-thumbnail","hentry","category-politics","tag-observatornews-ro"],"_links":{"self":[{"href":"https:\/\/analyse.optim.biz\/index.php?rest_route=\/wp\/v2\/posts\/366009","targetHints":{"allow":["GET"]}}],"collection":[{"href":"https:\/\/analyse.optim.biz\/index.php?rest_route=\/wp\/v2\/posts"}],"about":[{"href":"https:\/\/analyse.optim.biz\/index.php?rest_route=\/wp\/v2\/types\/post"}],"author":[{"embeddable":true,"href":"https:\/\/analyse.optim.biz\/index.php?rest_route=\/wp\/v2\/users\/1"}],"replies":[{"embeddable":true,"href":"https:\/\/analyse.optim.biz\/index.php?rest_route=%2Fwp%2Fv2%2Fcomments&post=366009"}],"version-history":[{"count":0,"href":"https:\/\/analyse.optim.biz\/index.php?rest_route=\/wp\/v2\/posts\/366009\/revisions"}],"wp:featuredmedia":[{"embeddable":true,"href":"https:\/\/analyse.optim.biz\/index.php?rest_route=\/wp\/v2\/media\/366010"}],"wp:attachment":[{"href":"https:\/\/analyse.optim.biz\/index.php?rest_route=%2Fwp%2Fv2%2Fmedia&parent=366009"}],"wp:term":[{"taxonomy":"category","embeddable":true,"href":"https:\/\/analyse.optim.biz\/index.php?rest_route=%2Fwp%2Fv2%2Fcategories&post=366009"},{"taxonomy":"post_tag","embeddable":true,"href":"https:\/\/analyse.optim.biz\/index.php?rest_route=%2Fwp%2Fv2%2Ftags&post=366009"}],"curies":[{"name":"wp","href":"https:\/\/api.w.org\/{rel}","templated":true}]}}