{"id":365953,"date":"2017-02-15T11:21:57","date_gmt":"2017-02-15T08:21:57","guid":{"rendered":"https:\/\/analyse.optim.biz\/?p=365953"},"modified":"2017-02-15T11:21:57","modified_gmt":"2017-02-15T08:21:57","slug":"planul-secret-al-lui-liviu-dragnea-presedintele-psd-neaga-problemele-din-partid-video","status":"publish","type":"post","link":"https:\/\/analyse.optim.biz\/?p=365953","title":{"rendered":"Planul secret al lui Liviu Dragnea. Pre\u0219edintele PSD neag\u0103 problemele din partid (VIDEO)"},"content":{"rendered":"<div class=\"description\" data-key=\"description\">Liviu Dragnea neag\u0103 ruptura din PSD, dar surse politice spun c\u0103 apele sunt \u00een continuare tulburi \u00een partid. Dragnea ar preg\u0103ti o mi\u015fcare de for\u0163\u0103 la \u015fedin\u0163a Comitetului Executiv care va avea loc \u00een perioada urm\u0103toarea.<\/div>\n<div class=\"articleBody\" data-key=\"articleBody\">Liviu Dragnea neag\u0103 ruptura din PSD, dar surse politice spun c\u0103 apele sunt \u00een continuare tulburi \u00een partid. Dragnea ar preg\u0103ti o mi\u015fcare de for\u0163\u0103 la \u015fedin\u0163a Comitetului Executiv care va avea loc \u00een perioada urm\u0103toarea.\n<\/div>\n<p> Source URL: https:\/\/observatornews.ro\/politic\/planul-secret-al-lui-liviu-dragnea-presedintele-psd-neaga-problemele-din-partid-199428.html<\/p>\n","protected":false},"excerpt":{"rendered":"<p>Liviu Dragnea neag\u0103 ruptura din PSD, dar surse politice spun c\u0103 apele sunt \u00een continuare tulburi \u00een partid. Dragnea ar preg\u0103ti o mi\u015fcare de for\u0163\u0103 la \u015fedin\u0163a Comitetului Executiv care va avea loc \u00een perioada urm\u0103toarea. Liviu Dragnea neag\u0103 ruptura din PSD, dar surse politice spun c\u0103 apele sunt \u00een continuare tulburi \u00een partid. Dragnea [&hellip;]<\/p>\n","protected":false},"author":1,"featured_media":365954,"comment_status":"open","ping_status":"","sticky":false,"template":"","format":"standard","meta":{"footnotes":""},"categories":[2],"tags":[30],"class_list":["post-365953","post","type-post","status-publish","format-standard","has-post-thumbnail","hentry","category-politics","tag-observatornews-ro"],"_links":{"self":[{"href":"https:\/\/analyse.optim.biz\/index.php?rest_route=\/wp\/v2\/posts\/365953","targetHints":{"allow":["GET"]}}],"collection":[{"href":"https:\/\/analyse.optim.biz\/index.php?rest_route=\/wp\/v2\/posts"}],"about":[{"href":"https:\/\/analyse.optim.biz\/index.php?rest_route=\/wp\/v2\/types\/post"}],"author":[{"embeddable":true,"href":"https:\/\/analyse.optim.biz\/index.php?rest_route=\/wp\/v2\/users\/1"}],"replies":[{"embeddable":true,"href":"https:\/\/analyse.optim.biz\/index.php?rest_route=%2Fwp%2Fv2%2Fcomments&post=365953"}],"version-history":[{"count":0,"href":"https:\/\/analyse.optim.biz\/index.php?rest_route=\/wp\/v2\/posts\/365953\/revisions"}],"wp:featuredmedia":[{"embeddable":true,"href":"https:\/\/analyse.optim.biz\/index.php?rest_route=\/wp\/v2\/media\/365954"}],"wp:attachment":[{"href":"https:\/\/analyse.optim.biz\/index.php?rest_route=%2Fwp%2Fv2%2Fmedia&parent=365953"}],"wp:term":[{"taxonomy":"category","embeddable":true,"href":"https:\/\/analyse.optim.biz\/index.php?rest_route=%2Fwp%2Fv2%2Fcategories&post=365953"},{"taxonomy":"post_tag","embeddable":true,"href":"https:\/\/analyse.optim.biz\/index.php?rest_route=%2Fwp%2Fv2%2Ftags&post=365953"}],"curies":[{"name":"wp","href":"https:\/\/api.w.org\/{rel}","templated":true}]}}