{"id":365951,"date":"2017-02-15T11:23:51","date_gmt":"2017-02-15T08:23:51","guid":{"rendered":"https:\/\/analyse.optim.biz\/?p=365951"},"modified":"2017-02-15T11:23:51","modified_gmt":"2017-02-15T08:23:51","slug":"negocieri-dure-pentru-ministerul-justitiei-teodor-melescanu-ar-putea-fi-mutat-de-la-mae-video","status":"publish","type":"post","link":"https:\/\/analyse.optim.biz\/?p=365951","title":{"rendered":"Negocieri dure pentru Ministerul Justi\u021biei. Teodor Mele\u0219canu ar putea fi mutat de la MAE (VIDEO)"},"content":{"rendered":"<div class=\"description\" data-key=\"description\">Se duc negocieri intense pentru fotoliul de la Justi\u0163ie. Acesta ar putea ajunge la ALDE. Iar una dintre variantele vehiculate este c\u0103 Teodor Mele\u015fcanu va fi mutat de la MAE la Justi\u0163ie. Iar ministerul de Externe s\u0103 treac\u0103 la PSD.<\/div>\n<div class=\"articleBody\" data-key=\"articleBody\">Se duc negocieri intense pentru fotoliul de la Justi\u0163ie. Acesta ar putea ajunge la ALDE. Iar una dintre variantele vehiculate este c\u0103 Teodor Mele\u015fcanu va fi mutat de la MAE la Justi\u0163ie. Iar ministerul de Externe s\u0103 treac\u0103 la PSD.\n<\/div>\n<p> Source URL: https:\/\/observatornews.ro\/politic\/negocieri-dure-pentru-ministerul-justitiei-teodor-melescanu-ar-putea-conduce-ministerul-justitiei-199427.html<\/p>\n","protected":false},"excerpt":{"rendered":"<p>Se duc negocieri intense pentru fotoliul de la Justi\u0163ie. Acesta ar putea ajunge la ALDE. Iar una dintre variantele vehiculate este c\u0103 Teodor Mele\u015fcanu va fi mutat de la MAE la Justi\u0163ie. Iar ministerul de Externe s\u0103 treac\u0103 la PSD. Se duc negocieri intense pentru fotoliul de la Justi\u0163ie. Acesta ar putea ajunge la ALDE. [&hellip;]<\/p>\n","protected":false},"author":1,"featured_media":365952,"comment_status":"open","ping_status":"","sticky":false,"template":"","format":"standard","meta":{"footnotes":""},"categories":[2],"tags":[30],"class_list":["post-365951","post","type-post","status-publish","format-standard","has-post-thumbnail","hentry","category-politics","tag-observatornews-ro"],"_links":{"self":[{"href":"https:\/\/analyse.optim.biz\/index.php?rest_route=\/wp\/v2\/posts\/365951","targetHints":{"allow":["GET"]}}],"collection":[{"href":"https:\/\/analyse.optim.biz\/index.php?rest_route=\/wp\/v2\/posts"}],"about":[{"href":"https:\/\/analyse.optim.biz\/index.php?rest_route=\/wp\/v2\/types\/post"}],"author":[{"embeddable":true,"href":"https:\/\/analyse.optim.biz\/index.php?rest_route=\/wp\/v2\/users\/1"}],"replies":[{"embeddable":true,"href":"https:\/\/analyse.optim.biz\/index.php?rest_route=%2Fwp%2Fv2%2Fcomments&post=365951"}],"version-history":[{"count":0,"href":"https:\/\/analyse.optim.biz\/index.php?rest_route=\/wp\/v2\/posts\/365951\/revisions"}],"wp:featuredmedia":[{"embeddable":true,"href":"https:\/\/analyse.optim.biz\/index.php?rest_route=\/wp\/v2\/media\/365952"}],"wp:attachment":[{"href":"https:\/\/analyse.optim.biz\/index.php?rest_route=%2Fwp%2Fv2%2Fmedia&parent=365951"}],"wp:term":[{"taxonomy":"category","embeddable":true,"href":"https:\/\/analyse.optim.biz\/index.php?rest_route=%2Fwp%2Fv2%2Fcategories&post=365951"},{"taxonomy":"post_tag","embeddable":true,"href":"https:\/\/analyse.optim.biz\/index.php?rest_route=%2Fwp%2Fv2%2Ftags&post=365951"}],"curies":[{"name":"wp","href":"https:\/\/api.w.org\/{rel}","templated":true}]}}