{"id":365945,"date":"2017-02-15T14:00:00","date_gmt":"2017-02-15T11:00:00","guid":{"rendered":"https:\/\/analyse.optim.biz\/?p=365945"},"modified":"2017-02-15T14:00:00","modified_gmt":"2017-02-15T11:00:00","slug":"ministrul-educatiei-pana-la-sfarsitul-anului-2017-trebuie-sa-avem-o-noua-lege-a-educatiei-nationale","status":"publish","type":"post","link":"https:\/\/analyse.optim.biz\/?p=365945","title":{"rendered":"Ministrul Educa\u0163iei: &#8220;P\u00e2n\u0103 la sf\u00e2r\u015fitul anului 2017 trebuie s\u0103 avem o nou\u0103 lege a educa\u0163iei na\u0163ionale&#8221;"},"content":{"rendered":"<div class=\"description\" data-key=\"description\">Ministrul Educa\u0163iei, Pavel N\u0103stase, a declarat, miercuri, c\u0103 p\u00e2n\u0103 la sf\u00e2r\u015fitul anului 2017 va fi aprobat\u0103 de Parlament o nou\u0103 lege a educa\u0163iei na\u0163ionale, a\u015fa cum prevede programul de guvernare, prelu\u00e2nd din vechea lege &#8220;tot ceea ce este corect, obiectiv \u015fi care va conduce spre obiectivele asumate\u201d.<\/div>\n<div class=\"articleBody\" data-key=\"articleBody\">Ministrul Educa\u0163iei, Pavel N\u0103stase, a declarat, miercuri, c\u0103 p\u00e2n\u0103 la sf\u00e2r\u015fitul anului 2017 va fi aprobat\u0103 de Parlament o nou\u0103 lege a educa\u0163iei na\u0163ionale, a\u015fa cum prevede programul de guvernare, prelu\u00e2nd din vechea lege &#8220;tot ceea ce este corect, obiectiv \u015fi care va conduce spre obiectivele asumate\u201d.<\/p>\n<p>&#8220;Conform Programului de guvernare, p\u00e2n\u0103 la sf\u00e2r\u015fitul anului 2017 trebuie s\u0103 avem o nou\u0103 lege a educa\u0163iei na\u0163ionale. \u00cen acest context, Consiliul Na\u0163ional al Rectorilor \u015fi alte consor\u0163ii universitare vor fi invitate la un dialog pe aceast\u0103 tem\u0103 \u015fi \u00een acela\u015fi timp, comisiile parlamentare de educa\u0163ie din Parlamentul Rom\u00e2niei care sunt abilitate s\u0103 produc\u0103 aceast\u0103 lege. Deci, \u00eempreun\u0103 cu Parlamentul \u015fi \u00eempreun\u0103 cu aceste consilii \u015fi consor\u0163ii vom demara acest proces de a crea o nou\u0103 lege a educa\u0163iei na\u0163ionale care are ca termen, a\u015fa cum spuneam, sf\u00e2r\u015fitul acestui an\u201d, a declarat ministrul Educa\u0163iei, Pavel N\u0103stase.<\/p>\n<p>El a mai spus c\u0103 va prelua din actuala lege a educa\u0163iei &#8220;tot ceea ce este corect, obiectiv \u015fi care va conduce spre obiectivele pe care ni le-am asumat\u201d.<\/p>\n<p>\u00cen capitolul &#8220;Politici \u00een domeniul educa\u0163iei&#8221; din programul de guvernare, mai este prev\u0103zut\u0103 conectarea tuturor \u015fcolilor la internet prin conexiuni de mare vitez\u0103, realizarea de wireless campus-uri, \u00eencep\u00e2nd cu \u00eenv\u0103\u0163\u0103m\u00e2ntul liceal, precum \u015fi asigurarea necesarului de microbuze pentru transportul \u015fcolar \u015fi a unor campusuri \u015fcolare \u00een centrele de comun\u0103 la standarde europene.<\/p>\n<p>Programul PSD mai prevede reducerea ratei de p\u0103r\u0103sire timpurie a sistemului educa\u0163ional, precum \u015fi dezvoltarea sistemului de servicii de educa\u0163ie timpurie, pentru copiii \u00eentre 0 \u015fi 6 ani, &#8220;prin curriculum adecvat \u015fi cadre didactice bine preg\u0103tite, dar \u015fi prin implicarea p\u0103rin\u0163ilor, cu dezvoltarea \u015fi furnizarea de cursuri parentale, sau dezvoltarea de m\u0103suri de stimulare financiar\u0103&#8221;.<\/p>\n<p>Potrivit documentului, se va realiza reforma curricular\u0103 \u015fi vor fi \u00eennoite toate manualele.<\/p>\n<p>&#8220;Vom modifica Legea educa\u0163iei p\u00e2n\u0103 cel t\u00e2rziu 1 ianuarie 2018 \u015fi vom elabora Legea Manualului care s\u0103 reglementeze achizi\u0163ia manualelor \u015fcolare pentru \u00eenv\u0103\u0163\u0103m\u00e2ntul preuniversitar&#8221;, se mai arat\u0103 \u00een programul de guvernare.\n<\/p><\/div>\n<p> Source URL: https:\/\/observatornews.ro\/politic\/anunt-ministrul-educatiei-199452.html<\/p>\n","protected":false},"excerpt":{"rendered":"<p>Ministrul Educa\u0163iei, Pavel N\u0103stase, a declarat, miercuri, c\u0103 p\u00e2n\u0103 la sf\u00e2r\u015fitul anului 2017 va fi aprobat\u0103 de Parlament o nou\u0103 lege a educa\u0163iei na\u0163ionale, a\u015fa cum prevede programul de guvernare, prelu\u00e2nd din vechea lege &#8220;tot ceea ce este corect, obiectiv \u015fi care va conduce spre obiectivele asumate\u201d. Ministrul Educa\u0163iei, Pavel N\u0103stase, a declarat, miercuri, c\u0103 [&hellip;]<\/p>\n","protected":false},"author":1,"featured_media":365946,"comment_status":"open","ping_status":"","sticky":false,"template":"","format":"standard","meta":{"footnotes":""},"categories":[2],"tags":[30],"class_list":["post-365945","post","type-post","status-publish","format-standard","has-post-thumbnail","hentry","category-politics","tag-observatornews-ro"],"_links":{"self":[{"href":"https:\/\/analyse.optim.biz\/index.php?rest_route=\/wp\/v2\/posts\/365945","targetHints":{"allow":["GET"]}}],"collection":[{"href":"https:\/\/analyse.optim.biz\/index.php?rest_route=\/wp\/v2\/posts"}],"about":[{"href":"https:\/\/analyse.optim.biz\/index.php?rest_route=\/wp\/v2\/types\/post"}],"author":[{"embeddable":true,"href":"https:\/\/analyse.optim.biz\/index.php?rest_route=\/wp\/v2\/users\/1"}],"replies":[{"embeddable":true,"href":"https:\/\/analyse.optim.biz\/index.php?rest_route=%2Fwp%2Fv2%2Fcomments&post=365945"}],"version-history":[{"count":0,"href":"https:\/\/analyse.optim.biz\/index.php?rest_route=\/wp\/v2\/posts\/365945\/revisions"}],"wp:featuredmedia":[{"embeddable":true,"href":"https:\/\/analyse.optim.biz\/index.php?rest_route=\/wp\/v2\/media\/365946"}],"wp:attachment":[{"href":"https:\/\/analyse.optim.biz\/index.php?rest_route=%2Fwp%2Fv2%2Fmedia&parent=365945"}],"wp:term":[{"taxonomy":"category","embeddable":true,"href":"https:\/\/analyse.optim.biz\/index.php?rest_route=%2Fwp%2Fv2%2Fcategories&post=365945"},{"taxonomy":"post_tag","embeddable":true,"href":"https:\/\/analyse.optim.biz\/index.php?rest_route=%2Fwp%2Fv2%2Ftags&post=365945"}],"curies":[{"name":"wp","href":"https:\/\/api.w.org\/{rel}","templated":true}]}}