{"id":365825,"date":"2017-02-17T08:28:00","date_gmt":"2017-02-17T05:28:00","guid":{"rendered":"https:\/\/analyse.optim.biz\/?p=365825"},"modified":"2017-02-17T08:28:00","modified_gmt":"2017-02-17T05:28:00","slug":"fostul-ministru-al-culturii-theodor-paleologu-audiat-la-dna-in-dosarul-elenei-udrea-privind-campaniile-electorale","status":"publish","type":"post","link":"https:\/\/analyse.optim.biz\/?p=365825","title":{"rendered":"Fostul ministru al Culturii, Theodor Paleologu, audiat la DNA \u00een dosarul Elenei Udrea privind campaniile electorale"},"content":{"rendered":"<div class=\"description\" data-key=\"description\">Fostul ministru al Culturii Theodor Paleologu a ajuns, vineri, la Direc\u0163ia Na\u0163ional\u0103 Anticorup\u0163ie, pentru a fi audiat, ca martor, \u00eentr-un dosar de corup\u0163ie.<\/div>\n<div class=\"articleBody\" data-key=\"articleBody\">Fostul ministru al Culturii Theodor Paleologu a ajuns, vineri, la Direc\u0163ia Na\u0163ional\u0103 Anticorup\u0163ie, pentru a fi audiat, ca martor, \u00eentr-un dosar de corup\u0163ie.<\/p>\n<p>UPDATE 12:00 Theodor Paleologu a precizat, la ie\u015fire din DNA, c\u0103 este vorba de dosarul Elenei Udrea, viz\u00e2nd finan\u0163area campaniilor electorale.<\/p>\n<p>&#8220;E vorba de dosarul doamnei Udrea, dar concret nu \u015ftiu precis cine ce a finan\u0163at. \u00cen mod normal e organiza\u0163ia Sectorului 1. PDL \u00een Bucure\u015fti era organizat \u00een filiale de sector plus organiza\u0163ia Capitalei. Cred c\u0103 se investigheaz\u0103 cultura finan\u0163\u0103rilor ciudate ale tuturor partidelor pentru c\u0103 este evident c\u0103 p\u00e2n\u0103 la ultima rund\u0103 de alegeri a fost o imens\u0103 problem\u0103 legat\u0103 de costurile campaniilor electorale \u015fi, dac\u0103 ave\u0163i memorie bun\u0103, este o problem\u0103 pe care eu am semnalat-o din 2008&#8221;, a spus Paleologu, dup\u0103 ce a fost audiat, ca martor, aproximativ o or\u0103, de procurorii DNA.<\/p>\n<p>\u00centrebat dac\u0103 au fost ilegalit\u0103\u0163i \u00een finan\u0163area campaniilor electorale, Paleologu a r\u0103spuns c\u0103 este la mintea coco\u015fului.<\/p>\n<p>&#8220;\u0162ine\u0163i minte cum erau campaniile de dinainte de 2016, cu mesh-uri pe c\u00e2te un bloc \u00eentreg sau afi\u015fe imense pe care nu le-am v\u0103zut nic\u0103ieri \u00een lume, nici m\u0103car \u00een America nu am v\u0103zut asemenea orgie de propagand\u0103 electoral\u0103. Deci e la mintea coco\u015fului c\u0103 ceva nu e \u00een regul\u0103&#8221;, a spus Theodor Paleologu.<\/p>\n<p>El a explicat c\u0103 nu a fost implicat \u00een finan\u0163area campaniilor electorale, \u00een afar\u0103 de cea din 2016, c\u00e2nd a candidat independent.<\/p>\n<p>&#8220;\u00cen afar\u0103 de campania mea din 2016 \u00een care am semnat personal toate ordinele de plat\u0103 nu e o chestiune \u00een care m-am implicat. Niciodat\u0103. Este responsabilitatea mandatarului financiar \u015fi a organiza\u0163iei de partid locale care se ocup\u0103 de campanie. M\u0103sura cea mai sigur\u0103 de precau\u0163ie este candidatura independent\u0103, din 2016. Atunci pot da socoteal\u0103 de fiecare leu pe care l-am cheltuit.&#8221;, a mai spus Paleologu.<\/p>\n<p>Fostul ministru al Culturii a \u0163inut s\u0103 precizeze c\u0103 DNA nu poate fi comparat\u0103 cu Securitatea anilor 50.<\/p>\n<p>&#8220;Se spune c\u0103 DNA este o institu\u0163ie terorist\u0103, ca \u00een anii &#8217;50. Domnii T\u0103riceanu, Dragnea, Ponta au tot spus c\u0103 DNA e ca Securitatea anilor &#8217;50. Tat\u0103l meu a fost anchetat de Securitate \u00een anii &#8217;50 \u015fi v\u0103 pot asigura c\u0103 nu este absolut niciun fel de asem\u0103nare \u015fi c\u0103 aceast\u0103 asem\u0103nare este o minciun\u0103 neru\u015finat\u0103 din partea celor care fac asemenea compara\u0163ii \u00eentre DNA \u015fi Securitatea anilor &#8217;50&#8221;, a spus Paleologu.<\/p>\n<p>El s-a declarat decep\u0163ionat c\u0103 nu a putut oferi informa\u0163ii relevante procurorilor, ad\u0103ug\u00e2nd c\u0103 abia a\u015fteapt\u0103 s\u0103 fie martor \u00een alte dosare.<\/p>\n<p>&#8220;Eu m\u0103 bucur s\u0103 ancheteze mai multe dosare. Am fost pu\u0163in decep\u0163ionat c\u0103 n-am putut oferi informa\u0163ii relevante, \u00een schimb sunt alte dosare \u00een care abia a\u015ftept s\u0103 fiu martor&#8221;, a mai declarat Paleologu.<\/p>\n<p>Theodor Paleologu, ministru al Culturii \u00een perioada decembrie 2008 &#8211; decembrie 2009, este audiat, vineri, la Direc\u0163ia Na\u0163ional\u0103 Anticorup\u0163ie.<\/p>\n<p>La intrarea \u00een sediul DNA, Paleologu a declarat c\u0103 va fi audiat \u00een calitate de martor, f\u0103r\u0103 s\u0103 dea detalii. &#8220;Am \u00een\u0163eles c\u0103 nu e voie s\u0103 vorbesc&#8221;, a ad\u0103ugat Theodor Paleologu, preciz\u00e2nd c\u0103 nu are emo\u0163ii. &#8220;De ce s\u0103 am emo\u0163ii?&#8221;, a spus Paleologu.<\/p>\n<p>Thedor Paleologu a fost deputat PDL din 2008 p\u00e2n\u0103 \u00een 2014 \u015fi independent din 2014 p\u00e2n\u0103 \u00een 2016.<\/p>\n<p>El a candidat independent pentru un nou mandat de deputat \u00een Capital\u0103, dar a pierdut alegerile dup\u0103 ce a ob\u0163inut doar 8.278 de voturi, fiind astfel sub pragul electoral de 25.000 de voturi necesare.<\/p>\n<p>Sursa: News.ro\n<\/p><\/div>\n<p> Source URL: https:\/\/observatornews.ro\/politic\/theodor-paleologu-audiat-la-dna-199663.html<\/p>\n","protected":false},"excerpt":{"rendered":"<p>Fostul ministru al Culturii Theodor Paleologu a ajuns, vineri, la Direc\u0163ia Na\u0163ional\u0103 Anticorup\u0163ie, pentru a fi audiat, ca martor, \u00eentr-un dosar de corup\u0163ie. Fostul ministru al Culturii Theodor Paleologu a ajuns, vineri, la Direc\u0163ia Na\u0163ional\u0103 Anticorup\u0163ie, pentru a fi audiat, ca martor, \u00eentr-un dosar de corup\u0163ie. UPDATE 12:00 Theodor Paleologu a precizat, la ie\u015fire din [&hellip;]<\/p>\n","protected":false},"author":1,"featured_media":0,"comment_status":"open","ping_status":"","sticky":false,"template":"","format":"standard","meta":{"footnotes":""},"categories":[2],"tags":[30],"class_list":["post-365825","post","type-post","status-publish","format-standard","hentry","category-politics","tag-observatornews-ro"],"_links":{"self":[{"href":"https:\/\/analyse.optim.biz\/index.php?rest_route=\/wp\/v2\/posts\/365825","targetHints":{"allow":["GET"]}}],"collection":[{"href":"https:\/\/analyse.optim.biz\/index.php?rest_route=\/wp\/v2\/posts"}],"about":[{"href":"https:\/\/analyse.optim.biz\/index.php?rest_route=\/wp\/v2\/types\/post"}],"author":[{"embeddable":true,"href":"https:\/\/analyse.optim.biz\/index.php?rest_route=\/wp\/v2\/users\/1"}],"replies":[{"embeddable":true,"href":"https:\/\/analyse.optim.biz\/index.php?rest_route=%2Fwp%2Fv2%2Fcomments&post=365825"}],"version-history":[{"count":0,"href":"https:\/\/analyse.optim.biz\/index.php?rest_route=\/wp\/v2\/posts\/365825\/revisions"}],"wp:attachment":[{"href":"https:\/\/analyse.optim.biz\/index.php?rest_route=%2Fwp%2Fv2%2Fmedia&parent=365825"}],"wp:term":[{"taxonomy":"category","embeddable":true,"href":"https:\/\/analyse.optim.biz\/index.php?rest_route=%2Fwp%2Fv2%2Fcategories&post=365825"},{"taxonomy":"post_tag","embeddable":true,"href":"https:\/\/analyse.optim.biz\/index.php?rest_route=%2Fwp%2Fv2%2Ftags&post=365825"}],"curies":[{"name":"wp","href":"https:\/\/api.w.org\/{rel}","templated":true}]}}