{"id":365824,"date":"2017-02-17T12:30:00","date_gmt":"2017-02-17T09:30:00","guid":{"rendered":"https:\/\/analyse.optim.biz\/?p=365824"},"modified":"2017-02-17T12:30:00","modified_gmt":"2017-02-17T09:30:00","slug":"zi-de-foc-pentru-grindeanu-la-bruxelles-premierul-roman-s-a-intalnit-cu-jean-claude-juncker-si-donald-tusk-video","status":"publish","type":"post","link":"https:\/\/analyse.optim.biz\/?p=365824","title":{"rendered":"ZI DE FOC pentru Grindeanu, la Bruxelles. Premierul rom\u00e2n s-a \u00eent\u00e2lnit cu Jean-Claude Juncker \u015fi Donald Tusk (VIDEO)"},"content":{"rendered":"<div class=\"description\" data-key=\"description\">Sorin Grindeanu \u00ee\u015fi continu\u0103 periplul la Bruxelles. Dup\u0103 ce, ieri, premierul a avut o \u00eentrevedere cu Frans Timmermanns, prim-vicepre\u015fedintele Comisiei Europene, ast\u0103zi, \u015feful Executivului rom\u00e2n se va \u00eent\u00e2lni cu Jean-Claude Juncker, pre\u015fedintele Comisiei Europene, Donald Tusk, pre\u015fedintele Consiliului European, \u015fi cu Jyrki Katainen, vicepre\u015fedinte al Comisiei Europene, responsabil cu ocuparea for\u0163ei de munc\u0103, cre\u015fterea economic\u0103, investi\u0163ii \u015fi competitivitate.<\/div>\n<div class=\"articleBody\" data-key=\"articleBody\">Sorin Grindeanu \u00ee\u015fi continu\u0103 periplul la Bruxelles. Dup\u0103 ce, ieri, premierul a avut o \u00eentrevedere cu Frans Timmermanns, prim-vicepre\u015fedintele Comisiei Europene, ast\u0103zi, \u015feful Executivului rom\u00e2n are \u00eentrevederi cu cu Jean-Claude Juncker, pre\u015fedintele Comisiei Europene, Donald Tusk, pre\u015fedintele Consiliului European, \u015fi cu Jyrki Katainen, vicepre\u015fedinte al Comisiei Europene, responsabil cu ocuparea for\u0163ei de munc\u0103, cre\u015fterea economic\u0103, investi\u0163ii \u015fi competitivitate.<\/p>\n<p>INFORMARESet\u0103rile tale privind cookie-urile nu permit afi\u0219area con\u021binutului din aceast\u0103 zon\u0103. E necesar s\u0103 accep\u021bi cookie-urile social media pentru afisarea acestui tip de con\u021binut. Modific\u0103 set\u0103rile<\/p>\n<p>Deplasarea la Bruxelles este prima vizit\u0103 extern\u0103 a premierului Sorin Grindeanu de c\u00e2nd a preluat func\u0163ia de \u015fef al Executivului.\u00a0<\/p>\n<p>\u201eVreau s\u0103-i asigur pe to\u0163i partenerii no\u015ftri din institu\u0163iile europene c\u0103 lupta \u00eempotriva corup\u0163iei, implicarea \u015fi consolidarea rolului nostru \u00een UE sunt obiective prioritare ale Guvernului pe care-l conduc, iar demersul de acum se \u00eenscrie \u00een linia dialogului activ pe care-l promov\u0103m cu to\u0163i interlocutorii europeni\u201d, a afirmat prim-ministrul Grindeanu, \u00eenainte de plecarea la Bruxelles.<\/p>\n<p>Prima \u00eentrevedere a lui Grindeanu a fost cu Frans Timmermanns, prim-vicepre\u015fedintele Comisiei Europene, c\u0103ruia i-a spus c\u0103 Rom\u00e2nia va trimite o list\u0103 cu probleme legate de recomand\u0103rile din raportul MCV astfel \u00eenc\u00e2t acestea s\u0103 fie clarificate, iar guvernul rom\u00e2n s\u0103 poat\u0103 lua m\u0103surile necesare astfel \u00eenc\u00e2t MCV s\u0103 fie ridicat p\u00e2n\u0103 la \u00eenceputul anului 2019.<\/p>\n<p>Oficialul european a precizat \u00a0c\u0103 va da curs solicit\u0103rii guvernului rom\u00e2n. \u00cen ce prive\u015fte anul \u00een care Rom\u00e2nia nu va mai fi supus\u0103 Mecanismului de Cooperare \u015fi Verificare, Frans Timmermans a spus c\u0103 depinde de m\u0103surile luate de guvernul de la Bucure\u015fti.\u00a0<\/p>\n<p>Vicepre\u015fedintele Comisiei Europene a explicat c\u0103 scopul final este ca succesul luptei anticorup\u0163ie s\u0103 fie at\u00e2t de mare \u00eenc\u00e2t \u201ds\u0103 fie dep\u0103\u015fit punctul de la care nu mai este drum de \u00eentoarcere\u201d. La r\u00e2ndul s\u0103u, Sorin Grindeanu a spus c\u0103 \u201d\u00eemi doresc un 2019 f\u0103r\u0103 MCV\u201d.<\/p>\n<p>\u00cen 1 februarie, pre\u015fedintele Comisiei Europene, Jean Claude Juncker, \u015fi prim-vicepre\u015fedintele CE, Frans Timmermans, sus\u0163ineau \u00eentr-o declara\u0163ie comun\u0103 c\u0103 lupta anticorup\u0163ie trebuie s\u0103 avanseze, nu s\u0103 fie subminat\u0103, ei preciz\u00e2nd c\u0103 urm\u0103resc \u201dcu foarte mare \u00eengrijorare\u201d evolu\u0163iile recente din Rom\u00e2nia.<\/p>\n<p>Premierul Sorin Grindeanu a adresat, pe 1 februarie, o scrisoare c\u0103tre pre\u015fedintele Comisiei Europene, Jean Claude Juncker, \u015fi c\u0103tre prim-vicepre\u015fedintelui forului, Frans Timmermans, \u00een care explica ra\u0163iunile din spatele OUG privind modificarea Codurilor penale \u015fi a proiectului privind gra\u0163ierea, d\u00e2nd asigur\u0103ri c\u0103 Executivul sus\u0163ine lupta anticorup\u0163ie.<\/p>\n<p>Grindeanu \u015fi-a ar\u0103tat atunci disponibilitatea de a merge la Bruxelles pentru a discuta cu liderii UE acest subiect.\u00a0\n<\/p><\/div>\n<p> Source URL: https:\/\/observatornews.ro\/politic\/zi-de-foc-pentru-grindeanu-la-bruxelles-dupa-frans-timmermanns-astazi-premierul-se-intalneste-cu-jeanclaude-juncker-si-donald-tusk-199641.html<\/p>\n","protected":false},"excerpt":{"rendered":"<p>Sorin Grindeanu \u00ee\u015fi continu\u0103 periplul la Bruxelles. Dup\u0103 ce, ieri, premierul a avut o \u00eentrevedere cu Frans Timmermanns, prim-vicepre\u015fedintele Comisiei Europene, ast\u0103zi, \u015feful Executivului rom\u00e2n se va \u00eent\u00e2lni cu Jean-Claude Juncker, pre\u015fedintele Comisiei Europene, Donald Tusk, pre\u015fedintele Consiliului European, \u015fi cu Jyrki Katainen, vicepre\u015fedinte al Comisiei Europene, responsabil cu ocuparea for\u0163ei de munc\u0103, cre\u015fterea economic\u0103, [&hellip;]<\/p>\n","protected":false},"author":1,"featured_media":0,"comment_status":"open","ping_status":"","sticky":false,"template":"","format":"standard","meta":{"footnotes":""},"categories":[2],"tags":[30],"class_list":["post-365824","post","type-post","status-publish","format-standard","hentry","category-politics","tag-observatornews-ro"],"_links":{"self":[{"href":"https:\/\/analyse.optim.biz\/index.php?rest_route=\/wp\/v2\/posts\/365824","targetHints":{"allow":["GET"]}}],"collection":[{"href":"https:\/\/analyse.optim.biz\/index.php?rest_route=\/wp\/v2\/posts"}],"about":[{"href":"https:\/\/analyse.optim.biz\/index.php?rest_route=\/wp\/v2\/types\/post"}],"author":[{"embeddable":true,"href":"https:\/\/analyse.optim.biz\/index.php?rest_route=\/wp\/v2\/users\/1"}],"replies":[{"embeddable":true,"href":"https:\/\/analyse.optim.biz\/index.php?rest_route=%2Fwp%2Fv2%2Fcomments&post=365824"}],"version-history":[{"count":0,"href":"https:\/\/analyse.optim.biz\/index.php?rest_route=\/wp\/v2\/posts\/365824\/revisions"}],"wp:attachment":[{"href":"https:\/\/analyse.optim.biz\/index.php?rest_route=%2Fwp%2Fv2%2Fmedia&parent=365824"}],"wp:term":[{"taxonomy":"category","embeddable":true,"href":"https:\/\/analyse.optim.biz\/index.php?rest_route=%2Fwp%2Fv2%2Fcategories&post=365824"},{"taxonomy":"post_tag","embeddable":true,"href":"https:\/\/analyse.optim.biz\/index.php?rest_route=%2Fwp%2Fv2%2Ftags&post=365824"}],"curies":[{"name":"wp","href":"https:\/\/api.w.org\/{rel}","templated":true}]}}