{"id":365395,"date":"2017-02-22T11:26:19","date_gmt":"2017-02-22T08:26:19","guid":{"rendered":"https:\/\/analyse.optim.biz\/?p=365395"},"modified":"2017-02-22T11:26:19","modified_gmt":"2017-02-22T08:26:19","slug":"psd-anunta-numele-ministrului-de-justitiei-liderii-partidului-s-au-reunit-intr-o-sedinta-a-comitetului-executiv-video","status":"publish","type":"post","link":"https:\/\/analyse.optim.biz\/?p=365395","title":{"rendered":"PSD anun\u0163\u0103 numele ministrului de Justi\u021biei. Liderii partidului s-au reunit \u00eentr-o \u0219edin\u021b\u0103 a Comitetului Executiv (VIDEO)"},"content":{"rendered":"<div class=\"description\" data-key=\"description\">Ast\u0103zi vom afla numele viitorului ministru al Justi\u0163iei. Liderii PSD s-au reunit \u00een urm\u0103 cu o or\u0103 \u00een \u015fedin\u0163a Comitetului Executiv al partidului, iar la final vor anun\u0163a cine va fi succesorul demisionarului Florin Iordache.<\/div>\n<div class=\"articleBody\" data-key=\"articleBody\">Ast\u0103zi vom afla numele viitorului ministru al Justi\u0163iei. Liderii PSD s-au reunit \u00een urm\u0103 cu o or\u0103 \u00een \u015fedin\u0163a Comitetului Executiv al partidului, iar la final vor anun\u0163a cine va fi succesorul demisionarului Florin Iordache.\n<\/div>\n<p> Source URL: https:\/\/observatornews.ro\/politic\/psd-anunta-numele-ministrului-justitiei-liderii-partidului-sau-reunit-intro-sedinta-a-comitetului-executiv-200224.html<\/p>\n","protected":false},"excerpt":{"rendered":"<p>Ast\u0103zi vom afla numele viitorului ministru al Justi\u0163iei. Liderii PSD s-au reunit \u00een urm\u0103 cu o or\u0103 \u00een \u015fedin\u0163a Comitetului Executiv al partidului, iar la final vor anun\u0163a cine va fi succesorul demisionarului Florin Iordache. Ast\u0103zi vom afla numele viitorului ministru al Justi\u0163iei. Liderii PSD s-au reunit \u00een urm\u0103 cu o or\u0103 \u00een \u015fedin\u0163a Comitetului [&hellip;]<\/p>\n","protected":false},"author":1,"featured_media":365396,"comment_status":"open","ping_status":"","sticky":false,"template":"","format":"standard","meta":{"footnotes":""},"categories":[2],"tags":[30],"class_list":["post-365395","post","type-post","status-publish","format-standard","has-post-thumbnail","hentry","category-politics","tag-observatornews-ro"],"_links":{"self":[{"href":"https:\/\/analyse.optim.biz\/index.php?rest_route=\/wp\/v2\/posts\/365395","targetHints":{"allow":["GET"]}}],"collection":[{"href":"https:\/\/analyse.optim.biz\/index.php?rest_route=\/wp\/v2\/posts"}],"about":[{"href":"https:\/\/analyse.optim.biz\/index.php?rest_route=\/wp\/v2\/types\/post"}],"author":[{"embeddable":true,"href":"https:\/\/analyse.optim.biz\/index.php?rest_route=\/wp\/v2\/users\/1"}],"replies":[{"embeddable":true,"href":"https:\/\/analyse.optim.biz\/index.php?rest_route=%2Fwp%2Fv2%2Fcomments&post=365395"}],"version-history":[{"count":0,"href":"https:\/\/analyse.optim.biz\/index.php?rest_route=\/wp\/v2\/posts\/365395\/revisions"}],"wp:featuredmedia":[{"embeddable":true,"href":"https:\/\/analyse.optim.biz\/index.php?rest_route=\/wp\/v2\/media\/365396"}],"wp:attachment":[{"href":"https:\/\/analyse.optim.biz\/index.php?rest_route=%2Fwp%2Fv2%2Fmedia&parent=365395"}],"wp:term":[{"taxonomy":"category","embeddable":true,"href":"https:\/\/analyse.optim.biz\/index.php?rest_route=%2Fwp%2Fv2%2Fcategories&post=365395"},{"taxonomy":"post_tag","embeddable":true,"href":"https:\/\/analyse.optim.biz\/index.php?rest_route=%2Fwp%2Fv2%2Ftags&post=365395"}],"curies":[{"name":"wp","href":"https:\/\/api.w.org\/{rel}","templated":true}]}}