{"id":365267,"date":"2017-02-23T16:01:00","date_gmt":"2017-02-23T13:01:00","guid":{"rendered":"https:\/\/analyse.optim.biz\/?p=365267"},"modified":"2017-02-23T16:01:00","modified_gmt":"2017-02-23T13:01:00","slug":"turcan-usr-poate-sa-vina-alaturi-de-pnl-fie-in-alianta-fie-prin-fuziune-cum-raspunde-nicusor-dan-invitatiei","status":"publish","type":"post","link":"https:\/\/analyse.optim.biz\/?p=365267","title":{"rendered":"Turcan: &#8220;USR poate s\u0103 vin\u0103 al\u0103turi de PNL fie \u00een alian\u0163\u0103, fie prin fuziune.&#8221; Cum r\u0103spunde Nicu\u015for Dan invita\u0163iei"},"content":{"rendered":"<div class=\"description\" data-key=\"description\">Pre\u015fedintele interimar al PNL, Raluca Turcan, a vorbit, joi, la Adev\u0103rul Live, despre posibilitatea unei colabor\u0103ri a partidului s\u0103u cu USR \u015fi poate chiar o fuziune a celor dou\u0103 forma\u0163iuni pe termen lung. \u201dUSR poate s\u0103 vin\u0103 natural al\u0103turi de PNL fie \u00eentr-o alian\u0163\u0103, fie dac\u0103 nu la un moment dat printr-o fuziune. Aste este solu\u0163ia pe termen lung\u201d, a spus Raluca Turcan. \u00cen replic\u0103, liderul USR Nicu\u015for Dan afirm\u0103 c\u0103 forma\u0163iunea sa \u00ee\u015fi respect\u0103 angajamentul fa\u0163\u0103 de alegatori \u015fi nu va intra \u00een alian\u0163e cu vechile partide.<\/div>\n<div class=\"articleBody\" data-key=\"articleBody\">Pre\u015fedintele interimar al PNL, Raluca Turcan, a vorbit, joi, la Adev\u0103rul Live, despre posibilitatea unei colabor\u0103ri a partidului s\u0103u cu USR \u015fi poate chiar o fuziune a celor dou\u0103 forma\u0163iuni pe termen lung. \u201dUSR poate s\u0103 vin\u0103 natural al\u0103turi de PNL fie \u00eentr-o alian\u0163\u0103, fie dac\u0103 nu la un moment dat printr-o fuziune. Aste este solu\u0163ia pe termen lung\u201d, a spus Raluca Turcan. \u00cen replic\u0103, liderul USR Nicu\u015for Dan afirm\u0103 c\u0103 forma\u0163iunea sa \u00ee\u015fi respect\u0103 angajamentul fa\u0163\u0103 de alegatori \u015fi nu va intra \u00een alian\u0163e cu vechile partide.<\/p>\n<p>\u201dUSR eu nu o privesc ca pe un adversar politic, ci ca pe un competitor pe un anumit segment de electorat, care a fost destul de dezam\u0103git de sistemul politic de p\u00e2n\u0103 acum. Cred \u00eens\u0103 c\u0103, dac\u0103 PNL va deveni acel vector politic din scena politic\u0103 rom\u00e2neasc\u0103 credibil, cu idei sus\u0163inute de dreapta, USR poate s\u0103 vin\u0103 natural al\u0103turi de PNL fie \u00eentr-o alian\u0163\u0103, fie dac\u0103 nu la un moment dat printr-o fuziune. \u00a0Aste este solu\u0163ia pe termen lung, pentru c\u0103 PNL are organiza\u0163ii jude\u0163ene, are nuclee dure de oameni foarte corec\u0163i, \u015fi foarte buni, \u015fi implica\u0163i, \u015fi cu deschidere pentru a le da oamenilor solu\u0163ii\u201d, a afirmat Raluca Turcan la Adev\u0103rul Live.<\/p>\n<p>\u00cen opinia ei, bazinul electoral al PNL \u00eempreun\u0103 cu grupul de tineri \u00een special din mediul urban care s-au solidarizat av\u00e2nd la baz\u0103 \u00een mare parte o dezam\u0103gire fa\u0163\u0103 de clasa politic\u0103 ar putea fi o formul\u0103 \u201dcare \u00eentr-adev\u0103r s\u0103 dea o for\u0163\u0103 \u00een contrapondere la PSD\u201d.<\/p>\n<p>\u201d\u00cen momentul \u00een care discu\u0163i despre o colaborare, ar fi total nepoliticos s\u0103 le pui pe mas\u0103 o fuziune, pentru c\u0103 este incorect\u0103. Eu le spun doar c\u0103 PNL nu este un adversar \u015fi eu colaborez foarte bine cu colegii din USR. \u00cens\u0103 PNL are un program, are o echip\u0103, are valori, are aceast\u0103 \u015fans\u0103 de a se restructura intern \u015fi cred c\u0103 pe termen lung putem colabora foarte bine. Dac\u0103 \u015fi ei vor ajunge la concluzia c\u0103 la un anumit moment colaborarea poate fi mai apropiat\u0103, vom discuta\u201d, a mai afirmat pre\u015fedintele interimar al PNL.<\/p>\n<p>\u00cen replic\u0103, liderul USR Nicu\u015for Dan a scris pe pagina sa de Facebook c\u0103 \u201dUSR \u00ee\u015fi respect\u0103 angajamentul fa\u0163\u0103 de aleg\u0103tori \u015fi nu va intra \u00een alian\u0163e cu vechile partide, nici cu PNL\u201d.<\/p>\n<p>Nicu\u015for Dan a precizat c\u0103 opozi\u0163ia este obligat\u0103 s\u0103 coopereze \u00een Parlament pentru a opri atacurile PSD \u00eempotriva justi\u0163iei, dar acest lucru nu \u00eenseamn\u0103 c\u0103 USR se aliaz\u0103 cu cineva.<\/p>\n<p>\u201dC\u00e2t despre fuziunea despre care vorbe\u015fte Raluca Turcan nici nu poate fi vorba, nici acum \u015fi nici \u00een viitor. USR are un proiect politic propriu pentru modernizarea Rom\u00e2niei pe care \u00eel va realiza \u00eempreun\u0103 cu oameni devota\u0163i interesului public, neafecta\u0163i de vechile metehne ale politicii, a\u015fa cum sunt cei care vin al\u0103turi de noi. PNL este dator, nu USR sau altcuiva, ci propriilor aleg\u0103tori, cu o reform\u0103 intern\u0103\u201d, mai sus\u0163ine liderul USR.\n<\/p><\/div>\n<p> Source URL: https:\/\/observatornews.ro\/politic\/turcan-usr-poate-sa-vina-alaturi-de-pnl-fie-in-alianta-fie-prin-fuziune-cum-raspunde-nicusor-dan-invitatiei-200399.html<\/p>\n","protected":false},"excerpt":{"rendered":"<p>Pre\u015fedintele interimar al PNL, Raluca Turcan, a vorbit, joi, la Adev\u0103rul Live, despre posibilitatea unei colabor\u0103ri a partidului s\u0103u cu USR \u015fi poate chiar o fuziune a celor dou\u0103 forma\u0163iuni pe termen lung. \u201dUSR poate s\u0103 vin\u0103 natural al\u0103turi de PNL fie \u00eentr-o alian\u0163\u0103, fie dac\u0103 nu la un moment dat printr-o fuziune. Aste este [&hellip;]<\/p>\n","protected":false},"author":1,"featured_media":365268,"comment_status":"open","ping_status":"","sticky":false,"template":"","format":"standard","meta":{"footnotes":""},"categories":[2],"tags":[30],"class_list":["post-365267","post","type-post","status-publish","format-standard","has-post-thumbnail","hentry","category-politics","tag-observatornews-ro"],"_links":{"self":[{"href":"https:\/\/analyse.optim.biz\/index.php?rest_route=\/wp\/v2\/posts\/365267","targetHints":{"allow":["GET"]}}],"collection":[{"href":"https:\/\/analyse.optim.biz\/index.php?rest_route=\/wp\/v2\/posts"}],"about":[{"href":"https:\/\/analyse.optim.biz\/index.php?rest_route=\/wp\/v2\/types\/post"}],"author":[{"embeddable":true,"href":"https:\/\/analyse.optim.biz\/index.php?rest_route=\/wp\/v2\/users\/1"}],"replies":[{"embeddable":true,"href":"https:\/\/analyse.optim.biz\/index.php?rest_route=%2Fwp%2Fv2%2Fcomments&post=365267"}],"version-history":[{"count":0,"href":"https:\/\/analyse.optim.biz\/index.php?rest_route=\/wp\/v2\/posts\/365267\/revisions"}],"wp:featuredmedia":[{"embeddable":true,"href":"https:\/\/analyse.optim.biz\/index.php?rest_route=\/wp\/v2\/media\/365268"}],"wp:attachment":[{"href":"https:\/\/analyse.optim.biz\/index.php?rest_route=%2Fwp%2Fv2%2Fmedia&parent=365267"}],"wp:term":[{"taxonomy":"category","embeddable":true,"href":"https:\/\/analyse.optim.biz\/index.php?rest_route=%2Fwp%2Fv2%2Fcategories&post=365267"},{"taxonomy":"post_tag","embeddable":true,"href":"https:\/\/analyse.optim.biz\/index.php?rest_route=%2Fwp%2Fv2%2Ftags&post=365267"}],"curies":[{"name":"wp","href":"https:\/\/api.w.org\/{rel}","templated":true}]}}