{"id":365229,"date":"2017-02-24T11:16:09","date_gmt":"2017-02-24T08:16:09","guid":{"rendered":"https:\/\/analyse.optim.biz\/?p=365229"},"modified":"2017-02-24T11:16:09","modified_gmt":"2017-02-24T08:16:09","slug":"klaus-iohannis-a-ingropat-definitiv-controversata-ordonanta-13-care-aducea-modificari-la-codurile-penale-video","status":"publish","type":"post","link":"https:\/\/analyse.optim.biz\/?p=365229","title":{"rendered":"Klaus Iohannis a \u00eengropat definitiv controversata Ordonan\u0163\u0103 13, care aducea modific\u0103ri la Codurile Penale (VIDEO)"},"content":{"rendered":"<div class=\"description\" data-key=\"description\">A promulgat ast\u0103zi legea privind respingerea acesteia. De asemenea, potrivit unui comunicat al Administra\u0163iei Preziden\u0163iale, \u015feful statului a promulgat \u015fi legea privind aprobarea Ordonan\u0163ei 14, prin care se abrog\u0103 Ordonan\u0163a 13. Dup\u0103 promulgarea celor dou\u0103 legi, urmeaz\u0103 publicarea lor \u00een Monitorul Oficial.<\/div>\n<div class=\"articleBody\" data-key=\"articleBody\">A promulgat ast\u0103zi legea privind respingerea acesteia. De asemenea, potrivit unui comunicat al Administra\u0163iei Preziden\u0163iale, \u015feful statului a promulgat \u015fi legea privind aprobarea Ordonan\u0163ei 14, prin care se abrog\u0103 Ordonan\u0163a 13. Dup\u0103 promulgarea celor dou\u0103 legi, urmeaz\u0103 publicarea lor \u00een Monitorul Oficial. <\/p>\n<p>Ordonan\u0163a 13 a fost adoptat\u0103 \u00een seara de 31 ianuarie, dup\u0103 ora 22:00. Anun\u0163ul fiind f\u0103cut de ministrul de atunci al Justi\u0163iei, Florin Iordache, de la Palatul Victoria, fapt care a dus la proteste masive at\u00e2t \u00een Bucure\u015fti, c\u00e2t \u015fi \u00een \u0163ar\u0103 precum \u015fi la demisia ministrului.\n<\/p><\/div>\n<p> Source URL: https:\/\/observatornews.ro\/politic\/klaus-iohannis-a-ingropat-definitiv-controversata-ordonanta-13-prin-care-codurile-penale-erau-modificate-200476.html<\/p>\n","protected":false},"excerpt":{"rendered":"<p>A promulgat ast\u0103zi legea privind respingerea acesteia. De asemenea, potrivit unui comunicat al Administra\u0163iei Preziden\u0163iale, \u015feful statului a promulgat \u015fi legea privind aprobarea Ordonan\u0163ei 14, prin care se abrog\u0103 Ordonan\u0163a 13. Dup\u0103 promulgarea celor dou\u0103 legi, urmeaz\u0103 publicarea lor \u00een Monitorul Oficial. A promulgat ast\u0103zi legea privind respingerea acesteia. De asemenea, potrivit unui comunicat al [&hellip;]<\/p>\n","protected":false},"author":1,"featured_media":0,"comment_status":"open","ping_status":"","sticky":false,"template":"","format":"standard","meta":{"footnotes":""},"categories":[2],"tags":[30],"class_list":["post-365229","post","type-post","status-publish","format-standard","hentry","category-politics","tag-observatornews-ro"],"_links":{"self":[{"href":"https:\/\/analyse.optim.biz\/index.php?rest_route=\/wp\/v2\/posts\/365229","targetHints":{"allow":["GET"]}}],"collection":[{"href":"https:\/\/analyse.optim.biz\/index.php?rest_route=\/wp\/v2\/posts"}],"about":[{"href":"https:\/\/analyse.optim.biz\/index.php?rest_route=\/wp\/v2\/types\/post"}],"author":[{"embeddable":true,"href":"https:\/\/analyse.optim.biz\/index.php?rest_route=\/wp\/v2\/users\/1"}],"replies":[{"embeddable":true,"href":"https:\/\/analyse.optim.biz\/index.php?rest_route=%2Fwp%2Fv2%2Fcomments&post=365229"}],"version-history":[{"count":0,"href":"https:\/\/analyse.optim.biz\/index.php?rest_route=\/wp\/v2\/posts\/365229\/revisions"}],"wp:attachment":[{"href":"https:\/\/analyse.optim.biz\/index.php?rest_route=%2Fwp%2Fv2%2Fmedia&parent=365229"}],"wp:term":[{"taxonomy":"category","embeddable":true,"href":"https:\/\/analyse.optim.biz\/index.php?rest_route=%2Fwp%2Fv2%2Fcategories&post=365229"},{"taxonomy":"post_tag","embeddable":true,"href":"https:\/\/analyse.optim.biz\/index.php?rest_route=%2Fwp%2Fv2%2Ftags&post=365229"}],"curies":[{"name":"wp","href":"https:\/\/api.w.org\/{rel}","templated":true}]}}