{"id":365228,"date":"2017-02-24T14:01:00","date_gmt":"2017-02-24T11:01:00","guid":{"rendered":"https:\/\/analyse.optim.biz\/?p=365228"},"modified":"2017-02-24T14:01:00","modified_gmt":"2017-02-24T11:01:00","slug":"guvernul-pregateste-o-taxa-auto-de-intrare-in-orase-cu-stickere-colorate-inlocuind-timbrul-de-mediu","status":"publish","type":"post","link":"https:\/\/analyse.optim.biz\/?p=365228","title":{"rendered":"Guvernul preg\u0103te\u015fte o tax\u0103 auto de intrare \u00een ora\u015fe, cu stickere colorate, \u00eenlocuind timbrul de mediu"},"content":{"rendered":"<div class=\"description\" data-key=\"description\">Guvernul preg\u0103te\u015fte pentru proprietarii de ma\u015fini, \u00een locul timbrului de mediu, introducerea unei taxe de poluare sub form\u0103 de vignet\u0103, diferen\u0163iat\u0103 ca valoare \u00een func\u0163ie de normele de poluare Euro, de emisiile de noxe, dar \u015fi de carburantul folosit, \u015foferii urm\u00e2nd s\u0103 aib\u0103 acces \u00een diferite zone ale marilor ora\u015fe doar pe baza unui sticker colorat lipit pe parbriz. Sistemul este deja aplicat \u00een Germania \u015fi preg\u0103tit acum \u015fi pentru Rom\u00e2nia, scrie Profit.ro.<\/div>\n<div class=\"articleBody\" data-key=\"articleBody\">Guvernul preg\u0103te\u015fte pentru proprietarii de ma\u015fini, \u00een locul timbrului de mediu, introducerea unei taxe de poluare sub form\u0103 de vignet\u0103, diferen\u0163iat\u0103 ca valoare \u00een func\u0163ie de normele de poluare Euro, de emisiile de noxe, dar \u015fi de carburantul folosit, \u015foferii urm\u00e2nd s\u0103 aib\u0103 acces \u00een diferite zone ale marilor ora\u015fe doar pe baza unui sticker colorat lipit pe parbriz. Sistemul este deja aplicat \u00een Germania \u015fi preg\u0103tit acum \u015fi pentru Rom\u00e2nia, scrie Profit.ro.<\/p>\n<p>&#8220;Confirm\u0103m c\u0103 este \u00een lucru introducerea unei taxe de intrare \u00een ora\u015fe mari. Pentru Rom\u00e2nia, este \u00een lucru introducerea, \u00een locul timbrului de mediu, a unei taxe de intrare \u00een marile ora\u015fe, care presupune o plat\u0103 \u00een func\u0163ie de noxe \u015fi de combustibil, plus un sticker, cu o anumit\u0103 culoare, pe anumite zone ale unui ora\u015f. Astfel, pentru ca un \u015fofer s\u0103 poat\u0103 intra cu o ma\u015fin\u0103 poluant\u0103 \u00een centrul ora\u015fului, de exemplu, el va trebui s\u0103 pl\u0103teasc\u0103 o anumit\u0103 tax\u0103 \u015fi va primi \u00een schimb un anumit sticker cu o culoare care \u00eei va permite accesul. Din acest moment este \u00een lucru \u015fi o \u00abzonare\u00bb a Bucure\u015ftiului&#8221;, au declarat surse pentru Profit.ro.<\/p>\n<p>Ministrul Mediului, Daniel Constantin, a confirmat vineri c\u0103 grupul de lucru format la ministerul pe care \u00eel conduce s-a inspirat \u00een elaborarea \u00eenlocuirii timbrului de mediu din sistemele unor ora\u015fe precum Budapesta, Londra sau Milano, care permit accesul autovehiculelor \u00een centrul acestor ora\u015fe prin plata unei taxe.<\/p>\n<p>Ministrul a subliniat c\u0103 \u00een Uniunea European\u0103 exist\u0103 \u00een acest moment trei tipuri de sisteme, \u015fi anume o tax\u0103 introdus\u0103 \u00een pre\u0163ul combustibilului, idee analizat\u0103 \u015fi \u00een Rom\u00e2nia, o tax\u0103 de prim\u0103 \u00eenmatriculare aplicat\u0103 tuturor automobilelor, inclusiv celor \u00eenmatriculate deja la introducerea taxei, \u015fi un impozit anual \u00een func\u0163ie de motorizare \u015fi carburantul folosit.<\/p>\n<p>Constantin a confirmat \u00eens\u0103 c\u0103 ministerul nu vrea s\u0103 propun\u0103 o nou\u0103 \u201ctaxare suplimentar\u0103 \u015fi general valabil\u0103\u201d.<\/p>\n<p>\u201cExist\u0103 \u015fi mijloace moderne, combinate, \u015fi din acestea ne-am inspirat, dup\u0103 modelul unor ora\u015fe ca Londra, Milano \u015fi, mai recent, Budapesta, prin care autovehiculele au acces \u00een anumite zone \u00een func\u0163ie de norma de poluare, iar altele au acces prin plata unei taxe\u201d, a explicat ministrul Daniel Constantin.<\/p>\n<p>El a amintit c\u0103 Bucure\u015ftiul, de exemplu, trebuie s\u0103 r\u0103spund\u0103 \u00een acest moment unei proceduri de infringement deschis\u0103 de Comisia European\u0103 privind calitatea aerului.<\/p>\n<p>\u201dAceast\u0103 solu\u0163ie este una modern\u0103, care poate fi luat\u0103 \u00een calcul, \u015fi putem \u00een felul acesta stimula \u015fi transportul \u00een comun, putem folosi acest moment pentru dezvoltarea infrastructura de transport \u00een comun\u201d, a mai declarat ministrul Mediului.<\/p>\n<p>Acesta a ad\u0103ugat c\u0103 \u00een calitate de ministru al Mediului preocuparea sa principal\u0103 este reducerea polu\u0103rii, \u015fi nu \u00eencasarea unor taxe, d\u00e2nd asigur\u0103ri \u00eens\u0103 c\u0103 programul Rabla va continua \u015fi anul acesta, de\u015fi probabil veniturile la Fondul de Mediu vor fi \u00een 2017 de doar 500 milioane lei, \u00een sc\u0103dere la jum\u0103tate fa\u0163\u0103 de 2016, ca urmare a elimin\u0103rii timbrului de mediu.<\/p>\n<p>Eliminarea timbrului de mediu a generat o cre\u015ftere considerabil\u0103 a num\u0103rului de program\u0103ri \u00een aceast\u0103 perioad\u0103 pentru eliberarea actelor necesare \u00eenmatricul\u0103rii ma\u015finilor second-hand, cump\u0103rate din str\u0103in\u0103tate.\n<\/p><\/div>\n<p> Source URL: https:\/\/observatornews.ro\/politic\/guvernul-pregateste-o-taxa-auto-de-intrare-in-orase-cu-stickere-colorate-inlocuind-timbrul-de-mediu-200504.html<\/p>\n","protected":false},"excerpt":{"rendered":"<p>Guvernul preg\u0103te\u015fte pentru proprietarii de ma\u015fini, \u00een locul timbrului de mediu, introducerea unei taxe de poluare sub form\u0103 de vignet\u0103, diferen\u0163iat\u0103 ca valoare \u00een func\u0163ie de normele de poluare Euro, de emisiile de noxe, dar \u015fi de carburantul folosit, \u015foferii urm\u00e2nd s\u0103 aib\u0103 acces \u00een diferite zone ale marilor ora\u015fe doar pe baza unui sticker [&hellip;]<\/p>\n","protected":false},"author":1,"featured_media":0,"comment_status":"open","ping_status":"","sticky":false,"template":"","format":"standard","meta":{"footnotes":""},"categories":[2],"tags":[30],"class_list":["post-365228","post","type-post","status-publish","format-standard","hentry","category-politics","tag-observatornews-ro"],"_links":{"self":[{"href":"https:\/\/analyse.optim.biz\/index.php?rest_route=\/wp\/v2\/posts\/365228","targetHints":{"allow":["GET"]}}],"collection":[{"href":"https:\/\/analyse.optim.biz\/index.php?rest_route=\/wp\/v2\/posts"}],"about":[{"href":"https:\/\/analyse.optim.biz\/index.php?rest_route=\/wp\/v2\/types\/post"}],"author":[{"embeddable":true,"href":"https:\/\/analyse.optim.biz\/index.php?rest_route=\/wp\/v2\/users\/1"}],"replies":[{"embeddable":true,"href":"https:\/\/analyse.optim.biz\/index.php?rest_route=%2Fwp%2Fv2%2Fcomments&post=365228"}],"version-history":[{"count":0,"href":"https:\/\/analyse.optim.biz\/index.php?rest_route=\/wp\/v2\/posts\/365228\/revisions"}],"wp:attachment":[{"href":"https:\/\/analyse.optim.biz\/index.php?rest_route=%2Fwp%2Fv2%2Fmedia&parent=365228"}],"wp:term":[{"taxonomy":"category","embeddable":true,"href":"https:\/\/analyse.optim.biz\/index.php?rest_route=%2Fwp%2Fv2%2Fcategories&post=365228"},{"taxonomy":"post_tag","embeddable":true,"href":"https:\/\/analyse.optim.biz\/index.php?rest_route=%2Fwp%2Fv2%2Ftags&post=365228"}],"curies":[{"name":"wp","href":"https:\/\/api.w.org\/{rel}","templated":true}]}}