{"id":365226,"date":"2017-02-24T16:15:00","date_gmt":"2017-02-24T13:15:00","guid":{"rendered":"https:\/\/analyse.optim.biz\/?p=365226"},"modified":"2017-02-24T16:15:00","modified_gmt":"2017-02-24T13:15:00","slug":"presedintele-cj-iasi-despre-mihai-chirica-suntem-condamnati-sa-lucram-impreuna-patru-ani-ca-intr-o-casatorie-din-interes","status":"publish","type":"post","link":"https:\/\/analyse.optim.biz\/?p=365226","title":{"rendered":"Pre\u015fedintele CJ Ia\u015fi, despre Mihai Chirica: &#8220;Suntem condamna\u0163i s\u0103 lucr\u0103m \u00eempreun\u0103 patru ani, ca \u00eentr-o c\u0103s\u0103torie din interes&#8221;"},"content":{"rendered":"<div class=\"description\" data-key=\"description\">Noul lider al PSD Ia\u015fi, Maricel Popa, totodat\u0103 \u015feful Consiliului Jude\u0163ean Ia\u015fi, a spus, vineri, c\u0103 este condamnat s\u0103 lucreze cu primarul Mihai Chirica, fostul \u015fef al organiza\u0163iei, ca &#8220;\u00eentr-o c\u0103s\u0103torie din interes\u201d, \u00een timp ce edilul ie\u015fean a r\u0103spuns c\u0103 &#8220;exist\u0103 doi na\u015fi, unul dominat de bine, cel\u0103lalt de r\u0103u\u201d.<\/div>\n<div class=\"articleBody\" data-key=\"articleBody\">Noul lider al PSD Ia\u015fi, Maricel Popa, totodat\u0103 \u015feful Consiliului Jude\u0163ean Ia\u015fi, a spus, vineri, c\u0103 este condamnat s\u0103 lucreze cu primarul Mihai Chirica, fostul \u015fef al organiza\u0163iei, ca &#8220;\u00eentr-o c\u0103s\u0103torie din interes\u201d, \u00een timp ce edilul ie\u015fean a r\u0103spuns c\u0103 &#8220;exist\u0103 doi na\u015fi, unul dominat de bine, cel\u0103lalt de r\u0103u\u201d.<\/p>\n<p>Maricel Popa, desemnat de Comitetul Executiv Na\u0163ional PSD noul lider al organiza\u0163iei jude\u0163ene Ia\u015fi a social-democra\u0163ilor, a spus, vineri, \u00eentr-o conferin\u0163\u0103 de pres\u0103, c\u0103 \u00een pofida sanc\u0163iunilor acordate lui Mihai Chirica de conducerea partidului el va trebui s\u0103 colaboreze cu acesta.<\/p>\n<p>Maricel Popa, pre\u015fedinte al Consiliului Jude\u0163ean Ia\u015fi, a recunoscut, \u00een privin\u0163a rela\u0163iei cu edilul Mihai Chirica, c\u0103 poate vorba \u015fi de o c\u0103s\u0103torie din interes.<\/p>\n<p>\u201eSuntem condamna\u0163i s\u0103 lucr\u0103m \u00eempreun\u0103 patru ani, ca \u00eentr-o c\u0103s\u0103torie din interes&#8221;,\u00a0a declarat Maricel Popa, noul lider interimar al PSD Ia\u015fi.<\/p>\n<p>La r\u00e2ndul s\u0103u, primarul Mihai Chirica, fost lider al PSD Ia\u015fi, a declarat c\u0103 despre proiectele Ia\u015fului nu poate discuta \u00een glum\u0103 cu nimeni, dar c\u0103 recunoa\u015fte noua ierarhie \u00een filial\u0103, \u00eens\u0103 nu are ce \u00eemp\u0103r\u0163i nimic sentimental cu noul \u015fef a organiza\u0163iei Maricel Popa.<\/p>\n<p>&#8220;Nu a\u015f face trimitere c\u00e2nd a \u00eenceput c\u0103s\u0103toria sau cine e so\u0163ul, so\u0163ia, dar am s\u0103 spun un lucru: avem doi na\u015fi, unul este dominat de bine \u015fi altul este dominat de r\u0103u, pe unul \u00eel m\u00e2n\u0103 adev\u0103rul \u015fi pe altul miciuna. Sper s\u0103 fiu cel m\u00e2nat \u00een fa\u0163\u0103 de adev\u0103r. Nu vreau s\u0103 fie o c\u0103s\u0103torie cum se mai f\u0103cea pe vremea fanario\u0163ilor. Vreau s\u0103 fie o colaborare \u00eentre dou\u0103 institu\u0163ii&#8221;, a afimat primarul Mihai Chirica.<\/p>\n<p>El a afirmat c\u0103 nu are nimic de \u00eemp\u0103r\u0163it cu noul pre\u015fedinte al PSD Ia\u015fi, Maricel Popa, \u015fi c\u0103 va fi un partener al acestuia, c\u00e2t timp ambii vor trage pentru binele comunit\u0103\u0163ii.<\/p>\n<p>&#8220;C\u00e2t timp domnul Maricel Popa se angreneaz\u0103 \u00eentr-un mod corect \u00een a sus\u0163ine destinul comunit\u0103\u0163ii, va avea \u00een mine un partener care va trage \u00een acela\u015fi sens, f\u0103r\u0103 niciun fel de regret s\u0103 spunem fa\u0163\u0103 de anumite situa\u0163ii care s-au \u00eent\u00e2mplat \u00een partidul din care facem parte am\u00e2ndoi\u201d, a afirmat Mihai Chirica, c\u0103ruia joi i-au fost retrase func\u0163iile politice de c\u0103tre conducerea partidului.\n<\/p><\/div>\n<p> Source URL: https:\/\/observatornews.ro\/politic\/presedintele-cj-iasi-despre-mihai-chirica-suntem-condamnati-sa-lucram-impreuna-patru-ani-ca-intro-casatorie-din-interes-200523.html<\/p>\n","protected":false},"excerpt":{"rendered":"<p>Noul lider al PSD Ia\u015fi, Maricel Popa, totodat\u0103 \u015feful Consiliului Jude\u0163ean Ia\u015fi, a spus, vineri, c\u0103 este condamnat s\u0103 lucreze cu primarul Mihai Chirica, fostul \u015fef al organiza\u0163iei, ca &#8220;\u00eentr-o c\u0103s\u0103torie din interes\u201d, \u00een timp ce edilul ie\u015fean a r\u0103spuns c\u0103 &#8220;exist\u0103 doi na\u015fi, unul dominat de bine, cel\u0103lalt de r\u0103u\u201d. Noul lider al PSD [&hellip;]<\/p>\n","protected":false},"author":1,"featured_media":365227,"comment_status":"open","ping_status":"","sticky":false,"template":"","format":"standard","meta":{"footnotes":""},"categories":[2],"tags":[30],"class_list":["post-365226","post","type-post","status-publish","format-standard","has-post-thumbnail","hentry","category-politics","tag-observatornews-ro"],"_links":{"self":[{"href":"https:\/\/analyse.optim.biz\/index.php?rest_route=\/wp\/v2\/posts\/365226","targetHints":{"allow":["GET"]}}],"collection":[{"href":"https:\/\/analyse.optim.biz\/index.php?rest_route=\/wp\/v2\/posts"}],"about":[{"href":"https:\/\/analyse.optim.biz\/index.php?rest_route=\/wp\/v2\/types\/post"}],"author":[{"embeddable":true,"href":"https:\/\/analyse.optim.biz\/index.php?rest_route=\/wp\/v2\/users\/1"}],"replies":[{"embeddable":true,"href":"https:\/\/analyse.optim.biz\/index.php?rest_route=%2Fwp%2Fv2%2Fcomments&post=365226"}],"version-history":[{"count":0,"href":"https:\/\/analyse.optim.biz\/index.php?rest_route=\/wp\/v2\/posts\/365226\/revisions"}],"wp:featuredmedia":[{"embeddable":true,"href":"https:\/\/analyse.optim.biz\/index.php?rest_route=\/wp\/v2\/media\/365227"}],"wp:attachment":[{"href":"https:\/\/analyse.optim.biz\/index.php?rest_route=%2Fwp%2Fv2%2Fmedia&parent=365226"}],"wp:term":[{"taxonomy":"category","embeddable":true,"href":"https:\/\/analyse.optim.biz\/index.php?rest_route=%2Fwp%2Fv2%2Fcategories&post=365226"},{"taxonomy":"post_tag","embeddable":true,"href":"https:\/\/analyse.optim.biz\/index.php?rest_route=%2Fwp%2Fv2%2Ftags&post=365226"}],"curies":[{"name":"wp","href":"https:\/\/api.w.org\/{rel}","templated":true}]}}