{"id":365205,"date":"2017-02-24T17:20:00","date_gmt":"2017-02-24T14:20:00","guid":{"rendered":"https:\/\/analyse.optim.biz\/?p=365205"},"modified":"2017-02-24T17:20:00","modified_gmt":"2017-02-24T14:20:00","slug":"ministrul-agriculturii-despre-scandalul-produselor-cu-calitati-diferite-in-estul-si-vestul-europei-ansvsa-si-anpc-vor-face-verificari","status":"publish","type":"post","link":"https:\/\/analyse.optim.biz\/?p=365205","title":{"rendered":"Ministrul Agriculturii, despre scandalul produselor cu calit\u0103\u0163i diferite \u00een estul \u015fi vestul Europei: ANSVSA \u015fi ANPC vor face VERIFIC\u0102RI"},"content":{"rendered":"<div class=\"description\" data-key=\"description\">Ministerul Agriculturii, Autoritatea Na\u0163ional\u0103 Sanitar Veterinar\u0103 \u015fi pentru Siguran\u0163a Alimentelor (ANSVSA) \u015fi Autoritatea Na\u0163ional\u0103 pentru Protec\u0163ia Consumatorilor (ANPC) vor verifica dac\u0103 exist\u0103 un dublu standard \u00een ceea ce prive\u015fte calitatea produselor alimentelor \u00een estul \u015fi vestul Europei, a declarat vineri, \u00eentr-o conferin\u0163\u0103 desf\u0103\u015furat\u0103 la T\u00e2rgu Mure\u015f, ministrul Agriculturii, Petre Daea.<\/div>\n<div class=\"articleBody\" data-key=\"articleBody\">Ministerul Agriculturii, Autoritatea Na\u0163ional\u0103 Sanitar Veterinar\u0103 \u015fi pentru Siguran\u0163a Alimentelor (ANSVSA) \u015fi Autoritatea Na\u0163ional\u0103 pentru Protec\u0163ia Consumatorilor (ANPC) vor verifica dac\u0103 exist\u0103 un dublu standard \u00een ceea ce prive\u015fte calitatea produselor alimentelor \u00een estul \u015fi vestul Europei, a declarat vineri, \u00eentr-o conferin\u0163\u0103 desf\u0103\u015furat\u0103 la T\u00e2rgu Mure\u015f, ministrul Agriculturii, Petre Daea.<\/p>\n<p>&#8220;Am \u00eenceput ast\u0103zi, am discutat cu colegii de la ANPC, ANSVSA s\u0103 vedem cum, concret, depist\u0103m, dac\u0103 este cazul, situa\u0163ia dublului standard. Or, aici noi trebuie s\u0103 fim, pe de o parte, \u015fi echilibra\u0163i \u00een afirma\u0163ii \u015fi extrem de aten\u0163i la ceea ce se \u00eent\u00e2mpl\u0103 pe pia\u0163\u0103. Motiv pentru care ast\u0103zi, un colectiv de la Ministerul Agriculturii, de la ANSVSA \u015fi de la Autoritatea Na\u0163ional\u0103 pentru Protec\u0163ia Consumatorilor \u00ee\u015fi stabilesc modul de lucru concret pentru a depista dac\u0103 exist\u0103 o asemenea situa\u0163ie \u00een Rom\u00e2nia&#8221;, a afirmat Daea.<\/p>\n<p>&#8220;P\u00e2n\u0103 atunci ne rezerv\u0103m dreptul s\u0103 ne organiz\u0103m, s\u0103 analiz\u0103m \u015fi, \u00een condi\u0163iile \u00een care g\u0103sim situa\u0163ii care sunt st\u0103p\u00e2nite de realitate, s\u0103 le expunem imediat \u015fi f\u0103r\u0103 niciun fel de opreli\u015fti&#8221;, a completat el.\u00a0<\/p>\n<p>Ministrul Agriculturii a spus c\u0103 nu poate \u00eenc\u0103 s\u0103 spun\u0103 dac\u0103 exist\u0103 sau nu o astfel de situa\u0163ie \u00een Rom\u00e2nia.<\/p>\n<p>&#8220;V\u0103 rog s\u0103-mi acorda\u0163i timpul necesar pentru a m\u0103 convinge dac\u0103 este a\u015fa cum se spune (&#8230;) A\u015ftept s\u0103 iau informa\u0163ii de la unit\u0103\u0163ile din Rom\u00e2nia \u015fi atunci discut\u0103m&#8221;, a precizat Daea.<\/p>\n<p>Institu\u0163iile statului urm\u0103resc atent calitatea alimentelor \u015fi iau m\u0103suri pentru a asigura securitatea alimentar\u0103, a dat asigur\u0103ri ministrul.\u00a0<\/p>\n<p>Scandalul produselor alimentare de proast\u0103 calitate a luat amploare \u00een c\u00e2teva state din estul Uniunii Europene.<\/p>\n<p>Liderii statelor din grupul de la Vi\u015fegrad, respectiv Cehia, Ungaria, Polonia \u015fi Slovacia, se vor \u00eent\u00e2lni s\u0103pt\u0103m\u00e2na viitoare la Bratislava pentru a cere Uniunii Europene s\u0103 ac\u0163ioneze \u00eempotriva companiilor produc\u0103toare de alimente care includ ingrediente de calitate inferioar\u0103 \u00een produsele destinate statelor membre mai s\u0103race.<\/p>\n<p>Asocia\u0163iile de protec\u0163ie a consumatorilor \u015fi guvernele s-au pl\u00e2ns c\u0103 unii produc\u0103tori de alimente folosesc ingrediente mai ieftine \u00een produsele destinate Europei Centrale \u015fi de Est dec\u00e2t cele incluse \u00een produsele sub acelea\u015fi branduri comercializate \u00een Germania \u015fi Austria.<\/p>\n<p>Aceast\u0103 practic\u0103 este permis\u0103 \u00een prezent, UE cer\u00e2nd doar ca ambalajele s\u0103 includ\u0103 clar lista de ingrediente.<\/p>\n<p>Ministerul slovac al Agriculturii a prezentat s\u0103pt\u0103m\u00e2na trecut\u0103 rezultatele unor teste de laborator care au ar\u0103tat c\u0103 jum\u0103tate dintr-o list\u0103 de 22 de produse cump\u0103rate la Bratislava difer\u0103 ca gust, aspect \u015fi compozi\u0163ie de echivalentele lor cump\u0103rate \u00een dou\u00ee ora\u015fe austriece de l\u00e2ng\u0103 grani\u0163\u0103.<\/p>\n<p>Ministrul ceh al Agriculturii, Marian Jurecka, a spus s\u0103pt\u0103m\u00e2na trecut\u0103 c\u0103 oamenii s-au s\u0103turat s\u0103 fie \u201dco\u015ful de gunoi al Europei\u201d, \u00een timp ce \u015feful de cabinet al premierului ungar Viktor Orban a calificat standardele duble de calitate drept \u201dcel mai mare scandal din istoriei recente\u201d.<\/p>\n<p>Consumatorii din Europa Central\u0103\u00ee \u015fi de Est au adoptat rapid brandurile occidentale, dup\u0103 c\u0103derea comunismului, \u00een 1989. Produc\u0103torii afirm\u0103 c\u0103 diferen\u0163ele de compozi\u0163ie sunt date de gusturile locale.<\/p>\n<p>Alimentele sunt \u00een general mai ieftine \u00een Europa de Est dec\u00e2t \u00een Vest, dar mul\u0163i cump\u0103r\u0103tori merg \u00een Occident pentru a cump\u0103ra produse de calitate mai bun\u0103.\n<\/p><\/div>\n<p> Source URL: https:\/\/observatornews.ro\/politic\/ministrul-agriculturii-despre-scandalul-produselor-cu-calitati-diferite-in-estul-si-vestul-europei-ansvsa-si-anpc-vor-face-verificari-200529.html<\/p>\n","protected":false},"excerpt":{"rendered":"<p>Ministerul Agriculturii, Autoritatea Na\u0163ional\u0103 Sanitar Veterinar\u0103 \u015fi pentru Siguran\u0163a Alimentelor (ANSVSA) \u015fi Autoritatea Na\u0163ional\u0103 pentru Protec\u0163ia Consumatorilor (ANPC) vor verifica dac\u0103 exist\u0103 un dublu standard \u00een ceea ce prive\u015fte calitatea produselor alimentelor \u00een estul \u015fi vestul Europei, a declarat vineri, \u00eentr-o conferin\u0163\u0103 desf\u0103\u015furat\u0103 la T\u00e2rgu Mure\u015f, ministrul Agriculturii, Petre Daea. Ministerul Agriculturii, Autoritatea Na\u0163ional\u0103 Sanitar [&hellip;]<\/p>\n","protected":false},"author":1,"featured_media":365206,"comment_status":"open","ping_status":"","sticky":false,"template":"","format":"standard","meta":{"footnotes":""},"categories":[2],"tags":[30],"class_list":["post-365205","post","type-post","status-publish","format-standard","has-post-thumbnail","hentry","category-politics","tag-observatornews-ro"],"_links":{"self":[{"href":"https:\/\/analyse.optim.biz\/index.php?rest_route=\/wp\/v2\/posts\/365205","targetHints":{"allow":["GET"]}}],"collection":[{"href":"https:\/\/analyse.optim.biz\/index.php?rest_route=\/wp\/v2\/posts"}],"about":[{"href":"https:\/\/analyse.optim.biz\/index.php?rest_route=\/wp\/v2\/types\/post"}],"author":[{"embeddable":true,"href":"https:\/\/analyse.optim.biz\/index.php?rest_route=\/wp\/v2\/users\/1"}],"replies":[{"embeddable":true,"href":"https:\/\/analyse.optim.biz\/index.php?rest_route=%2Fwp%2Fv2%2Fcomments&post=365205"}],"version-history":[{"count":0,"href":"https:\/\/analyse.optim.biz\/index.php?rest_route=\/wp\/v2\/posts\/365205\/revisions"}],"wp:featuredmedia":[{"embeddable":true,"href":"https:\/\/analyse.optim.biz\/index.php?rest_route=\/wp\/v2\/media\/365206"}],"wp:attachment":[{"href":"https:\/\/analyse.optim.biz\/index.php?rest_route=%2Fwp%2Fv2%2Fmedia&parent=365205"}],"wp:term":[{"taxonomy":"category","embeddable":true,"href":"https:\/\/analyse.optim.biz\/index.php?rest_route=%2Fwp%2Fv2%2Fcategories&post=365205"},{"taxonomy":"post_tag","embeddable":true,"href":"https:\/\/analyse.optim.biz\/index.php?rest_route=%2Fwp%2Fv2%2Ftags&post=365205"}],"curies":[{"name":"wp","href":"https:\/\/api.w.org\/{rel}","templated":true}]}}