{"id":365203,"date":"2017-02-24T17:31:00","date_gmt":"2017-02-24T14:31:00","guid":{"rendered":"https:\/\/analyse.optim.biz\/?p=365203"},"modified":"2017-02-24T17:31:00","modified_gmt":"2017-02-24T14:31:00","slug":"rasturnare-de-situatie-in-psd-avem-nevoie-de-victor-ponta-cea-mai-buna-perioada-din-istoria-psd-a-fost-cu-ponta-presedinte-si-premier","status":"publish","type":"post","link":"https:\/\/analyse.optim.biz\/?p=365203","title":{"rendered":"R\u0102STURNARE DE SITUA\u0162IE \u00een PSD: &#8220;Avem nevoie de Victor Ponta. Cea mai bun\u0103 perioad\u0103 din istoria PSD a fost cu Ponta pre\u0219edinte \u0219i premier&#8221;"},"content":{"rendered":"<div class=\"description\" data-key=\"description\">Europarlamentarul PSD C\u0103t\u0103lin Ivan, care s-a declarat de partea manifestan\u0163ilor din Pia\u0163a Victoriei \u015fi care a criticat unele decizii luate de actuala conducere a partidului, a declarat, vineri, \u00eentr-o conferin\u021b\u0103 de pres\u0103, c\u0103 PSD are nevoie, \u00een acest moment, de experien\u021ba lui Victor Ponta.<\/div>\n<div class=\"articleBody\" data-key=\"articleBody\">Europarlamentarul PSD C\u0103t\u0103lin Ivan, care s-a declarat de partea manifestan\u0163ilor din Pia\u0163a Victoriei \u015fi care a criticat unele decizii luate de actuala conducere a partidului, a declarat, vineri, \u00eentr-o conferin\u021b\u0103 de pres\u0103, c\u0103 PSD are nevoie, \u00een acest moment, de experien\u021ba lui Victor Ponta.<\/p>\n<p>\u00centrebat dac\u0103 are ceva de repro\u0219at liderului PSD, Liviu Dragnea, Ivan a replicat: &#8220;Voi discuta \u00een interiorul partidului&#8221;.<\/p>\n<p>&#8220;Cred c\u0103 \u00een acest moment PSD are nevoie de experien\u021ba lui Victor Ponta \u0219i de mintea limpede a celui care a trecut de foarte multe lucruri&#8221;, a spus C\u0103talin Ivan.<\/p>\n<p>El a spus c\u0103 PSD face o foarte mare gre\u0219eal\u0103 c\u0103 \u00eel \u021bine departe pe Victor Ponta de luarea deciziilor, subliniind totodat\u0103 c\u0103 &#8220;perioada 2012-2015 a fost cea mai bun\u0103 perioad\u0103 din istoria PSD, cu Victor Ponta pre\u0219edinte al PSD \u0219i premier&#8221;.<\/p>\n<p>&#8220;Perioada 2012-2015 r\u0103m\u00e2ne p\u00e2n\u0103 \u00een acest moment, \u0219i cred c\u0103 nu ne vom mai \u00eent\u00e2lni foarte cur\u00e2nd cu aceast\u0103 situa\u021bie, cea mai bun\u0103 perioad\u0103 din istoria PSD, cu Victor Ponta pre\u0219edinte al partidului \u0219i Victor Ponta prim-ministru. At\u00e2t la Guvern c\u00e2t \u0219i la partid a avut cele mai bune rezultate. (&#8230;) De acolo puteam construi foarte mult. Ne-am \u00eendep\u0103rtat \u00een schimb de la drumul pe care pornisem \u0219i acum, e evident pentru toat\u0103 lumea, c\u0103 se merge \u00eentr-o direc\u021bie gre\u0219it\u0103&#8221;, a spus C\u0103t\u0103lin Ivan.<\/p>\n<p>Conform acestuia, e vizibil modul \u00een care Victor Ponta a fost \u00eenl\u0103turat &#8220;\u00eencetul cu \u00eencetul&#8221;.<\/p>\n<p>&#8220;Cred c\u0103 PSD resimte \u00een acest moment lipsa experien\u021bei acumulate de Victor Ponta, care resimte gre\u0219elile pe care le-a f\u0103cut&#8221;, a spus eurodeputatul.<\/p>\n<p>Ivan a subliniat c\u0103, de\u0219i la vremea respectiv\u0103 l-a taxat pentru gre\u0219elile f\u0103cute, acum ar fi dorit s\u0103-l vad\u0103 pe Victor Ponta &#8220;\u00een cercul de luare a deciziilor, pentru c\u0103 este un om care a \u00eenv\u0103\u021bat foarte mult, inclusiv din gre\u0219elile pe care le-a f\u0103cut \u00een momentul respectiv, 2014-2015&#8221;.<\/p>\n<p>Pre\u015fedintele PSD, Liviu Dragnea, a sus\u0163inut miercuri, la finalul \u015fedin\u0163ei Comitetului Executiv Na\u0163ional, c\u0103 europarlamentarul C\u0103t\u0103lin Ivan nu poate fi exclus din partid deoarece nu mai este &#8220;de mult\u201d membru al forma\u0163iunii, fiind exclus \u201dde ceva vreme\u201d de organiza\u0163ia PSD Sector 1.<\/p>\n<p>\u015ei pre\u015fedintele executiv al PSD, Nicolae B\u0103d\u0103l\u0103u, a sus\u0163inut c\u0103 europarlamentarul C\u0103t\u0103lin Ivan nu mai este de un an membru al partidului.<\/p>\n<p>\u00cen replic\u0103, europarlamentarul C\u0103t\u0103lin Ivan a postat, miercuri, pe pagina sa de Facebook, un printscreen cu o postare a lui Liviu Dragnea din urm\u0103 cu trei luni \u00een care liderul PSD distribuia un clip video \u00een care europarlamentarul transmitea mesajul PSD &#8220;\u00cendr\u0103zne\u015fte s\u0103 crezi \u00een Rom\u00e2nia!&#8221;.\u00a0<\/p>\n<p>Ulterior,\u00a0C\u0103t\u0103lin Ivan a declarat c\u0103 este membru al partidului \u201edin toate punctele de vedere\u201d, fiind \u201ecomunicatorul oficial\u201d al PSD \u00een peste 40 de dezbateri electorale, iar \u00een urm\u0103 cu trei s\u0103pt\u0103m\u00e2ni a discutat cu pre\u015fedintele social-democra\u0163ilor, Liviu Dragnea, despre strategia PSD din Parlamentul European.\n<\/p><\/div>\n<p> Source URL: https:\/\/observatornews.ro\/politic\/rasturnare-de-situatie-in-psd-avem-nevoie-de-victor-ponta-cea-mai-buna-perioada-din-istoria-psd-200535.html<\/p>\n","protected":false},"excerpt":{"rendered":"<p>Europarlamentarul PSD C\u0103t\u0103lin Ivan, care s-a declarat de partea manifestan\u0163ilor din Pia\u0163a Victoriei \u015fi care a criticat unele decizii luate de actuala conducere a partidului, a declarat, vineri, \u00eentr-o conferin\u021b\u0103 de pres\u0103, c\u0103 PSD are nevoie, \u00een acest moment, de experien\u021ba lui Victor Ponta. Europarlamentarul PSD C\u0103t\u0103lin Ivan, care s-a declarat de partea manifestan\u0163ilor din [&hellip;]<\/p>\n","protected":false},"author":1,"featured_media":365204,"comment_status":"open","ping_status":"","sticky":false,"template":"","format":"standard","meta":{"footnotes":""},"categories":[2],"tags":[30],"class_list":["post-365203","post","type-post","status-publish","format-standard","has-post-thumbnail","hentry","category-politics","tag-observatornews-ro"],"_links":{"self":[{"href":"https:\/\/analyse.optim.biz\/index.php?rest_route=\/wp\/v2\/posts\/365203","targetHints":{"allow":["GET"]}}],"collection":[{"href":"https:\/\/analyse.optim.biz\/index.php?rest_route=\/wp\/v2\/posts"}],"about":[{"href":"https:\/\/analyse.optim.biz\/index.php?rest_route=\/wp\/v2\/types\/post"}],"author":[{"embeddable":true,"href":"https:\/\/analyse.optim.biz\/index.php?rest_route=\/wp\/v2\/users\/1"}],"replies":[{"embeddable":true,"href":"https:\/\/analyse.optim.biz\/index.php?rest_route=%2Fwp%2Fv2%2Fcomments&post=365203"}],"version-history":[{"count":0,"href":"https:\/\/analyse.optim.biz\/index.php?rest_route=\/wp\/v2\/posts\/365203\/revisions"}],"wp:featuredmedia":[{"embeddable":true,"href":"https:\/\/analyse.optim.biz\/index.php?rest_route=\/wp\/v2\/media\/365204"}],"wp:attachment":[{"href":"https:\/\/analyse.optim.biz\/index.php?rest_route=%2Fwp%2Fv2%2Fmedia&parent=365203"}],"wp:term":[{"taxonomy":"category","embeddable":true,"href":"https:\/\/analyse.optim.biz\/index.php?rest_route=%2Fwp%2Fv2%2Fcategories&post=365203"},{"taxonomy":"post_tag","embeddable":true,"href":"https:\/\/analyse.optim.biz\/index.php?rest_route=%2Fwp%2Fv2%2Ftags&post=365203"}],"curies":[{"name":"wp","href":"https:\/\/api.w.org\/{rel}","templated":true}]}}