{"id":365199,"date":"2017-02-24T19:59:00","date_gmt":"2017-02-24T16:59:00","guid":{"rendered":"https:\/\/analyse.optim.biz\/?p=365199"},"modified":"2017-02-24T19:59:00","modified_gmt":"2017-02-24T16:59:00","slug":"sorin-grindeanu-guvernul-a-fost-reprezentat-la-bilantul-dna-de-birchall-eu-am-avut-sedinta-de-guvern","status":"publish","type":"post","link":"https:\/\/analyse.optim.biz\/?p=365199","title":{"rendered":"Sorin Grindeanu: &#8220;Guvernul a fost reprezentat la bilan\u021bul DNA de Birchall; eu am avut \u0219edin\u021b\u0103 de guvern&#8221;"},"content":{"rendered":"<div class=\"description\" data-key=\"description\">Premierul Sorin Grindeanu a precizat vineri, pentru postul tv timi\u0219orean Tele Nova, c\u0103 nu a putut ajunge la prezentarea bilan\u021bului DNA de joi pentru c\u0103 a avut \u0219edin\u021b\u0103 de guvern \u0219i ceremonia de \u00eenvestire a celor patru noi mini\u0219tri, \u00eens\u0103 a subliniat c\u0103 Guvernul a fost reprezentat de ministrul interimar al Justi\u021biei, Ana Birchall scrie Agerpres.<\/div>\n<div class=\"articleBody\" data-key=\"articleBody\">Premierul Sorin Grindeanu a precizat vineri, pentru postul tv timi\u0219orean Tele Nova, c\u0103 nu a putut ajunge la prezentarea bilan\u021bului DNA de joi pentru c\u0103 a avut \u0219edin\u021b\u0103 de guvern \u0219i ceremonia de \u00eenvestire a celor patru noi mini\u0219tri, \u00eens\u0103 a subliniat c\u0103 Guvernul a fost reprezentat de ministrul interimar al Justi\u021biei, Ana Birchall scrie Agerpres.<\/p>\n<p>&#8220;Joi, la ora 11,00, am avut \u0219edin\u021b\u0103 de guvern, exact atunci. Dup\u0103 aceea am intrat \u00een programul de \u00eenvestire a noilor mini\u0219tri. Iar \u0219edin\u021ba de guvern a\u021bi v\u0103zut-o, c\u0103 tot atunci a \u00eenceput. Dar Guvernul a fost reprezentat de ministrul Justi\u021biei interimar, doamna Birchall&#8221;, a declarat Grindeanu.<\/p>\n<p>\u0218eful Executivului a explicat c\u0103 a vorbit la telefon cu procurorul \u0219ef al DNA, Laura Codru\u021ba Kovesi, de dou\u0103 ori \u00een s\u0103pt\u0103m\u00e2na aceasta, atunci c\u00e2nd l-a invitat, dar a ad\u0103ugat c\u0103 nu \u0219tia exact programul.\n<\/p><\/div>\n<p> Source URL: https:\/\/observatornews.ro\/politic\/sorin-grindeanu-guvernul-a-fost-reprezentat-la-bilantul-dna-de-birchall-eu-am-avut-sedinta-de-guvern-200560.html<\/p>\n","protected":false},"excerpt":{"rendered":"<p>Premierul Sorin Grindeanu a precizat vineri, pentru postul tv timi\u0219orean Tele Nova, c\u0103 nu a putut ajunge la prezentarea bilan\u021bului DNA de joi pentru c\u0103 a avut \u0219edin\u021b\u0103 de guvern \u0219i ceremonia de \u00eenvestire a celor patru noi mini\u0219tri, \u00eens\u0103 a subliniat c\u0103 Guvernul a fost reprezentat de ministrul interimar al Justi\u021biei, Ana Birchall scrie [&hellip;]<\/p>\n","protected":false},"author":1,"featured_media":365200,"comment_status":"open","ping_status":"","sticky":false,"template":"","format":"standard","meta":{"footnotes":""},"categories":[2],"tags":[30],"class_list":["post-365199","post","type-post","status-publish","format-standard","has-post-thumbnail","hentry","category-politics","tag-observatornews-ro"],"_links":{"self":[{"href":"https:\/\/analyse.optim.biz\/index.php?rest_route=\/wp\/v2\/posts\/365199","targetHints":{"allow":["GET"]}}],"collection":[{"href":"https:\/\/analyse.optim.biz\/index.php?rest_route=\/wp\/v2\/posts"}],"about":[{"href":"https:\/\/analyse.optim.biz\/index.php?rest_route=\/wp\/v2\/types\/post"}],"author":[{"embeddable":true,"href":"https:\/\/analyse.optim.biz\/index.php?rest_route=\/wp\/v2\/users\/1"}],"replies":[{"embeddable":true,"href":"https:\/\/analyse.optim.biz\/index.php?rest_route=%2Fwp%2Fv2%2Fcomments&post=365199"}],"version-history":[{"count":0,"href":"https:\/\/analyse.optim.biz\/index.php?rest_route=\/wp\/v2\/posts\/365199\/revisions"}],"wp:featuredmedia":[{"embeddable":true,"href":"https:\/\/analyse.optim.biz\/index.php?rest_route=\/wp\/v2\/media\/365200"}],"wp:attachment":[{"href":"https:\/\/analyse.optim.biz\/index.php?rest_route=%2Fwp%2Fv2%2Fmedia&parent=365199"}],"wp:term":[{"taxonomy":"category","embeddable":true,"href":"https:\/\/analyse.optim.biz\/index.php?rest_route=%2Fwp%2Fv2%2Fcategories&post=365199"},{"taxonomy":"post_tag","embeddable":true,"href":"https:\/\/analyse.optim.biz\/index.php?rest_route=%2Fwp%2Fv2%2Ftags&post=365199"}],"curies":[{"name":"wp","href":"https:\/\/api.w.org\/{rel}","templated":true}]}}