{"id":365082,"date":"2017-02-28T08:38:00","date_gmt":"2017-02-28T05:38:00","guid":{"rendered":"https:\/\/analyse.optim.biz\/?p=365082"},"modified":"2017-02-28T08:38:00","modified_gmt":"2017-02-28T05:38:00","slug":"tudorel-toader-anunt-despre-continuarea-anchetei-pe-oug-13-nu-evaluam-legalitatea-si-oportunitatea-actelor-altei-puteri","status":"publish","type":"post","link":"https:\/\/analyse.optim.biz\/?p=365082","title":{"rendered":"Tudorel Toader, anun\u0163 despre continuarea anchetei pe OUG 13: &#8220;Nu evalu\u0103m legalitatea \u015fi oportunitatea actelor altei puteri&#8221;"},"content":{"rendered":"<div class=\"description\" data-key=\"description\">Ministrul Justi\u021biei, Tudorel Toader, a afirmat, mar\u021bi, cu privire la continuarea anchetei \u00een cazul OUG 13 de c\u0103tre Parchetul General, c\u0103 fiecare trebuie s\u0103 \u00ee\u0219i \u00eendeplineasc\u0103 atribu\u021biile legale.<\/div>\n<div class=\"articleBody\" data-key=\"articleBody\">Ministrul Justi\u021biei, Tudorel Toader, a afirmat, mar\u021bi, cu privire la continuarea anchetei \u00een cazul OUG 13 de c\u0103tre Parchetul General, c\u0103 fiecare trebuie s\u0103 \u00ee\u0219i \u00eendeplineasc\u0103 atribu\u021biile legale.<\/p>\n<p>\u00centrebat la sediul CSM \u00een leg\u0103tur\u0103 cu declara\u021biile procurorului general al Rom\u00e2niei, Augustin Laz\u0103r, care sus\u021binea c\u0103 ancheta \u00een cazul OUG 13 va continua, ministrul a r\u0103spuns: &#8220;Asta \u00eenseamn\u0103 ca eu s\u0103-mi exprim punctul de vedere cu privire la desf\u0103\u0219urarea activit\u0103\u021bii Parchetului General. Fiecare trebuie s\u0103-\u0219i \u00eendeplineasc\u0103 competen\u021bele legale&#8221;.<\/p>\n<p>Totodat\u0103, \u00eentrebat de jurnali\u0219ti dac\u0103 ia \u00een calcul revocarea din func\u021bie a \u0219efei DNA, Laura Codru\u021ba Kovesi, dup\u0103 decizia CCR privind constatarea existen\u021bei unui conflict \u00eentre Guvern \u0219i Ministerul Public, prin DNA, \u00een cazul adopt\u0103rii OUG 13, Toader a spus: &#8220;V\u0103 asigur de faptul c\u0103 ve\u021bi fi primi\u00a0informa\u021bi despre o astfel de posibilitate&#8221;.<\/p>\n<p>Cu privire la proiectul de lege privind gra\u021bierea unor pedepse, Tudorel Toader a precizat c\u0103 va r\u0103spunde dup\u0103 ce va vedea actul normativ.<\/p>\n<p>&#8220;N-am v\u0103zut forma proiectului de gra\u021biere din Parlament. Dup\u0103 \u0219edin\u021ba de la CSM merg \u00een Parlament \u0219i v\u0103d \u0219i eu proiectul. Nu m\u0103 exprim \u00een abstract, ci m\u0103 exprim \u00een concret, dup\u0103 ce \u00eel v\u0103d v\u0103 voi r\u0103spunde&#8221;, a ad\u0103ugat ministrul.\n<\/p><\/div>\n<p> Source URL: https:\/\/observatornews.ro\/politic\/tudorel-toader-despre-continuarea-anchetei-pe-oug-13-200878.html<\/p>\n","protected":false},"excerpt":{"rendered":"<p>Ministrul Justi\u021biei, Tudorel Toader, a afirmat, mar\u021bi, cu privire la continuarea anchetei \u00een cazul OUG 13 de c\u0103tre Parchetul General, c\u0103 fiecare trebuie s\u0103 \u00ee\u0219i \u00eendeplineasc\u0103 atribu\u021biile legale. Ministrul Justi\u021biei, Tudorel Toader, a afirmat, mar\u021bi, cu privire la continuarea anchetei \u00een cazul OUG 13 de c\u0103tre Parchetul General, c\u0103 fiecare trebuie s\u0103 \u00ee\u0219i \u00eendeplineasc\u0103 atribu\u021biile [&hellip;]<\/p>\n","protected":false},"author":1,"featured_media":365083,"comment_status":"open","ping_status":"","sticky":false,"template":"","format":"standard","meta":{"footnotes":""},"categories":[2],"tags":[30],"class_list":["post-365082","post","type-post","status-publish","format-standard","has-post-thumbnail","hentry","category-politics","tag-observatornews-ro"],"_links":{"self":[{"href":"https:\/\/analyse.optim.biz\/index.php?rest_route=\/wp\/v2\/posts\/365082","targetHints":{"allow":["GET"]}}],"collection":[{"href":"https:\/\/analyse.optim.biz\/index.php?rest_route=\/wp\/v2\/posts"}],"about":[{"href":"https:\/\/analyse.optim.biz\/index.php?rest_route=\/wp\/v2\/types\/post"}],"author":[{"embeddable":true,"href":"https:\/\/analyse.optim.biz\/index.php?rest_route=\/wp\/v2\/users\/1"}],"replies":[{"embeddable":true,"href":"https:\/\/analyse.optim.biz\/index.php?rest_route=%2Fwp%2Fv2%2Fcomments&post=365082"}],"version-history":[{"count":0,"href":"https:\/\/analyse.optim.biz\/index.php?rest_route=\/wp\/v2\/posts\/365082\/revisions"}],"wp:featuredmedia":[{"embeddable":true,"href":"https:\/\/analyse.optim.biz\/index.php?rest_route=\/wp\/v2\/media\/365083"}],"wp:attachment":[{"href":"https:\/\/analyse.optim.biz\/index.php?rest_route=%2Fwp%2Fv2%2Fmedia&parent=365082"}],"wp:term":[{"taxonomy":"category","embeddable":true,"href":"https:\/\/analyse.optim.biz\/index.php?rest_route=%2Fwp%2Fv2%2Fcategories&post=365082"},{"taxonomy":"post_tag","embeddable":true,"href":"https:\/\/analyse.optim.biz\/index.php?rest_route=%2Fwp%2Fv2%2Ftags&post=365082"}],"curies":[{"name":"wp","href":"https:\/\/api.w.org\/{rel}","templated":true}]}}