{"id":365080,"date":"2017-02-28T10:16:00","date_gmt":"2017-02-28T07:16:00","guid":{"rendered":"https:\/\/analyse.optim.biz\/?p=365080"},"modified":"2017-02-28T10:16:00","modified_gmt":"2017-02-28T07:16:00","slug":"senatul-a-adoptat-ordonanta-6-prin-care-ministerul-dezvoltarii-primeste-30-de-miliarde-de-lei-intre-2017-2020-basescu-a-tunat-si-fulgerat-in-plen","status":"publish","type":"post","link":"https:\/\/analyse.optim.biz\/?p=365080","title":{"rendered":"Senatul a adoptat Ordonan\u0163a 6, prin care Ministerul Dezvolt\u0103rii prime\u015fte 30 de miliarde de lei \u00eentre 2017-2020. B\u0103sescu a tunat \u015fi fulgerat \u00een plen!"},"content":{"rendered":"<div class=\"description\" data-key=\"description\">Proiectul de lege de aprobare a OUG 6\/2017 pentru modificarea \u015fi completarea unor acte normative, precum \u015fi pentru stabilirea unor m\u0103suri privind realizarea investi\u0163iilor finan\u0163ate din fonduri publice a fost adoptat, cu amendamente, mar\u0163i de Senat. Pre\u015fedintele PMP, Traian B\u0103sescu a sus\u0163inut c\u0103 anumite prevederi din ordonan\u0163\u0103 sunt &#8216;destinate clientelei politice&#8217;, ceea ce este &#8216;stilul PSD dintotdeauna&#8217;.<\/div>\n<div class=\"articleBody\" data-key=\"articleBody\">Proiectul de lege de aprobare a OUG 6\/2017 pentru modificarea \u015fi completarea unor acte normative, precum \u015fi pentru stabilirea unor m\u0103suri privind realizarea investi\u0163iilor finan\u0163ate din fonduri publice a fost adoptat, cu amendamente, mar\u0163i de Senat. Pre\u015fedintele PMP, Traian B\u0103sescu a sus\u0163inut c\u0103 anumite prevederi din ordonan\u0163\u0103 sunt &#8216;destinate clientelei politice&#8217;, ceea ce este &#8216;stilul PSD dintotdeauna&#8217;.<\/p>\n<p>Senatorii au aprobat actul normativ, \u00een calitate de prim\u0103 Camer\u0103 sesizat\u0103, cu 65 de voturi pentru \u015fi 39 \u00eempotriv\u0103.<\/p>\n<p>Unul dintre amendamentele asumate de c\u0103tre Senat stipuleaz\u0103 c\u0103 printre obiectivele de investi\u0163ii ce pot fi finan\u0163ate prin aceast\u0103 ordonan\u0163\u0103 se num\u0103r\u0103 \u015fi realizarea, extinderea, reabilitarea, modernizarea sau dotarea unit\u0103\u0163ilor de \u00eenv\u0103\u0163\u0103m\u00e2nt preuniversitar de stat &#8211; cre\u015fe, gr\u0103dini\u0163e, \u015fcoli generale, licee, colegii na\u0163ionale. \u00cen forma elaborat\u0103 de Guvern, nu era prev\u0103zut\u0103 sintagma &#8216;de stat&#8217; pentru aceste unit\u0103\u0163i.<\/p>\n<p>\u00cen timpul dezbaterilor din plenul Senatului, Traian B\u0103sescu (PMP) a sus\u0163inut c\u0103 anumite prevederi din ordonan\u0163\u0103 sunt &#8216;destinate clientelei politice&#8217;, ceea ce este &#8216;stilul PSD dintotdeauna&#8217;.<\/p>\n<p>&#8216;Din p\u0103cate, un lucru care se declar\u0103 a fi bun \u015fi benefic este, ca de obicei, stricat prin prevederi care s\u0103 favorizeze clientela politic\u0103. Este stilul PSD dintotdeauna. (&#8230;) Scoate\u0163i regulile din circula\u0163ie \u015fi face\u0163i PSD rules. Mai mult dec\u00e2t at\u00e2t, pentru un an, abroga\u0163i sau suspenda\u0163i limitarea cheltuielilor ce pot fi angajate \u00een 2017. Din nou, o prevedere care v\u0103 face profund compatibili cu DNA. (&#8230;) L\u0103sa\u0163i primarii ca dup\u0103 ce au un buget aprobat s\u0103 fac\u0103 ce vor cu bugetul \u015fi suspenda\u0163i \u015fi obliga\u0163ia de a respecta bugetul aprobat pentru un an de zile. Aceast\u0103 OUG, \u00een opinia mea, este util\u0103 pentru dezvoltare, dar faptul c\u0103 \u00eentotdeauna \u0163ine\u0163i s\u0103 introduce\u0163i c\u00e2teva lucruri \u00een neregul\u0103, c\u00e2teva derog\u0103ri de la lege, face necredibil documentul \u015fi face pe oricine \u00eel cite\u015fte s\u0103 constate c\u0103 de fapt, din nou, suntem \u00een fa\u0163a unei ordonan\u0163e destinate clientelei politice. Din acest motiv, PMP va vota \u00eempotriva acestei legi de aprobare a ordonan\u0163ei&#8217;, a afirmat B\u0103sescu.<\/p>\n<p>\u00cen replic\u0103, senatorul PSD Adrian \u0162u\u0163uianu a punctat faptul c\u0103 ordonan\u0163a aduce resurse financiare pentru reabilitarea, extinderea, modernizarea \u015fi dotarea unor unit\u0103\u0163i de \u00eenv\u0103\u0163\u0103m\u00e2nt, spitale, asigur\u00e2nd, totodat\u0103, continuarea unor investi\u0163ii de dezvoltare local\u0103 deja demarate.<\/p>\n<p>&#8216;Eu cred c\u0103 este foarte important s\u0103 finaliz\u0103m Programul Na\u0163ional de Dezvoltare Local\u0103. Sunt obiective de investi\u0163ii \u00een curs \u00een toate jude\u0163ele, pentru toate categoriile de unit\u0103\u0163i administrativ-teritoriale, indiferent de culoarea politic\u0103 a primarilor. Ordonan\u0163a de ast\u0103zi vine \u015fi aduce resurse financiare pentru reabilitarea, extinderea, modernizarea \u015fi dotarea unit\u0103\u0163ilor de \u00eenv\u0103\u0163\u0103m\u00e2nt preuniversitar, (&#8230;) unele dintre ele f\u0103r\u0103 autorizare de func\u0163ionare ast\u0103zi, pentru repararea \u015fi dotarea unit\u0103\u0163ilor sanitare \u00een mediul rural &#8211; \u00een foarte multe localit\u0103\u0163i se afl\u0103 \u00eentr-o stare jalnic\u0103, dar \u015fi pentru reabilitarea de poduri, pode\u0163e, pun\u0163i pietonale. Se continu\u0103 lucr\u0103rile pentru ap\u0103, canal, drumuri. (&#8230;) Consider important programul de construc\u0163ii de c\u0103mine pentru studen\u0163ii din institu\u0163iile de \u00eenv\u0103\u0163\u0103m\u00e2nt superior de stat, introdus prin Compania Na\u0163ional\u0103 pentru Investi\u0163ii, \u015fi am convingerea c\u0103 punerea \u00een aplicare a acestui program va permite \u015fi dezvoltarea unit\u0103\u0163ilor administrativ-teritorial\u0103 \u015fi dezvoltarea economic\u0103&#8217;, a subliniat \u0162u\u0163uianu.<\/p>\n<p>Liderul senatorilor UDMR, Attila Cseke, a anun\u0163at c\u0103 grupul pe care \u00eel conduce va vota \u00een favoarea proiectului de lege de adoptare a OUG 6\/2017.<\/p>\n<p>&#8216;Evident, dezbaterea pe ordonan\u0163a 6 prive\u015fte \u00een special partea de PNDL. Eu constat c\u0103 am ajuns \u00een Rom\u00e2nia anului 2017 ca la nivel de lege, \u00eentr-o OUG, s\u0103 reglement\u0103m num\u0103rul de cre\u015fe \u015fi gr\u0103dini\u0163e, num\u0103rul de unit\u0103\u0163i din \u00eenv\u0103\u0163\u0103m\u00e2ntul preuniversitar, num\u0103rul de c\u0103mine studen\u0163e\u015fti pe care statul dore\u015fte s\u0103 le reabiliteze \u015fi s\u0103 le construiasc\u0103. Oarecum nici acest lucru nu este \u00een regul\u0103. Acestea sunt acte ale puterii executive, ale Guvernului. Guvernul face acte de administrare public\u0103. Nu credem c\u0103 trebuie s\u0103 se reg\u0103seasc\u0103 acum \u00een fiecare lege c\u00e2te gr\u0103dini\u0163e, c\u00e2te \u015fcoli, c\u00e2te c\u0103mine vrem s\u0103 reabilit\u0103m sau s\u0103 construim \u00een aceast\u0103 \u0163ar\u0103. Pe l\u00e2ng\u0103 acest subiect, \u00eentrebarea principal\u0103 este: \u00een urma acestei ordonan\u0163e, care probabil va fi aprobat\u0103 prin lege de c\u0103tre Parlament, ce eficien\u0163\u0103 va da Guvernul acestui PNDL. Acest lucru este de urm\u0103rit pentru c\u0103, pe de o parte, a\u015fa cum scrie \u015fi \u00een acest text de lege, este important s\u0103 finaliz\u0103m obiective de investi\u0163ii \u00een curs de realizare \u015fi s\u0103 \u00eencepem noi obiective. Din acest punct de vedere, grupul UDMR va sus\u0163ine proiectul de lege&#8217;, a men\u0163ionat Attila Cseke.<\/p>\n<p>Senatorul PNL Florin C\u00ee\u0163u a precizat c\u0103 liberalii vor vota \u00eempotriva adopt\u0103rii OUG 6\/2017, precum \u015fi \u00eempotriva OUG 9\/2017 \u00een momentul \u00een care aceasta din urm\u0103 va ajunge \u00een aten\u0163ia plenului Senatului.<\/p>\n<p>&#8216;Ordonan\u0163ele 6 \u015fi 9 \u00eentr-o form\u0103 sau alta au ap\u0103rut \u00een fiecare an. Anul acesta s-a exagerat din mai multe puncte de vedere. P\u00e2n\u0103 acum niciun Guvern nu a fost \u00een stare s\u0103 fac\u0103 un buget multianual, a\u015fa cum scrie \u00een legea bugetului de stat \u015fi \u00een legea finan\u0163elor publice. A\u015fa c\u0103 trebuie s\u0103 recurgem la acest artificiu de a avea ordonan\u0163e de urgen\u0163\u0103 pentru a putea s\u0103 facem credite de angajament pe mai mul\u0163i ani. Problema este structural\u0103 \u015fi ar trebui s\u0103 o rezolv\u0103m, ar trebui s\u0103 punem punct la un moment dat, s\u0103 spunem c\u0103 nu mai putem s\u0103 mergem \u00eenainte cu astfel de ordonan\u0163e de urgen\u0163\u0103. Ideea este c\u0103 ar trebui s\u0103 ne oprim \u015fi s\u0103 cerem Guvernului s\u0103 fac\u0103 un buget multianual, dac\u0103 este \u00een stare, dac\u0103 nu s\u0103 nu mai cear\u0103 aceste ordonan\u0163e. Al doilea lucru, vorbim de PNDL care e un program fantastic \u015fi foarte bun. Dar p\u00e2n\u0103 acum nimeni nu a f\u0103cut o analiz\u0103 a eficien\u0163ei acestui program, dac\u0103 banii au fost cheltui\u0163i eficient sau nu. PNL va vota \u00eempotriva acestei ordonan\u0163e (ordonan\u0163a 6) \u015fi c\u00e2nd vine \u015fi (OUG &#8211; n.r.) 9 vom vota \u015fi \u00eempotriva acelei ordonan\u0163e&#8217;, a declarat senatorul liberal.<\/p>\n<p>Sursa: Agerpres\n<\/p><\/div>\n<p> Source URL: https:\/\/observatornews.ro\/politic\/senatul-a-adoptat-oug-62017-200891.html<\/p>\n","protected":false},"excerpt":{"rendered":"<p>Proiectul de lege de aprobare a OUG 6\/2017 pentru modificarea \u015fi completarea unor acte normative, precum \u015fi pentru stabilirea unor m\u0103suri privind realizarea investi\u0163iilor finan\u0163ate din fonduri publice a fost adoptat, cu amendamente, mar\u0163i de Senat. Pre\u015fedintele PMP, Traian B\u0103sescu a sus\u0163inut c\u0103 anumite prevederi din ordonan\u0163\u0103 sunt &#8216;destinate clientelei politice&#8217;, ceea ce este &#8216;stilul [&hellip;]<\/p>\n","protected":false},"author":1,"featured_media":365081,"comment_status":"open","ping_status":"","sticky":false,"template":"","format":"standard","meta":{"footnotes":""},"categories":[2],"tags":[30],"class_list":["post-365080","post","type-post","status-publish","format-standard","has-post-thumbnail","hentry","category-politics","tag-observatornews-ro"],"_links":{"self":[{"href":"https:\/\/analyse.optim.biz\/index.php?rest_route=\/wp\/v2\/posts\/365080","targetHints":{"allow":["GET"]}}],"collection":[{"href":"https:\/\/analyse.optim.biz\/index.php?rest_route=\/wp\/v2\/posts"}],"about":[{"href":"https:\/\/analyse.optim.biz\/index.php?rest_route=\/wp\/v2\/types\/post"}],"author":[{"embeddable":true,"href":"https:\/\/analyse.optim.biz\/index.php?rest_route=\/wp\/v2\/users\/1"}],"replies":[{"embeddable":true,"href":"https:\/\/analyse.optim.biz\/index.php?rest_route=%2Fwp%2Fv2%2Fcomments&post=365080"}],"version-history":[{"count":0,"href":"https:\/\/analyse.optim.biz\/index.php?rest_route=\/wp\/v2\/posts\/365080\/revisions"}],"wp:featuredmedia":[{"embeddable":true,"href":"https:\/\/analyse.optim.biz\/index.php?rest_route=\/wp\/v2\/media\/365081"}],"wp:attachment":[{"href":"https:\/\/analyse.optim.biz\/index.php?rest_route=%2Fwp%2Fv2%2Fmedia&parent=365080"}],"wp:term":[{"taxonomy":"category","embeddable":true,"href":"https:\/\/analyse.optim.biz\/index.php?rest_route=%2Fwp%2Fv2%2Fcategories&post=365080"},{"taxonomy":"post_tag","embeddable":true,"href":"https:\/\/analyse.optim.biz\/index.php?rest_route=%2Fwp%2Fv2%2Ftags&post=365080"}],"curies":[{"name":"wp","href":"https:\/\/api.w.org\/{rel}","templated":true}]}}