{"id":365038,"date":"2017-02-28T10:56:00","date_gmt":"2017-02-28T07:56:00","guid":{"rendered":"https:\/\/analyse.optim.biz\/?p=365038"},"modified":"2017-02-28T10:56:00","modified_gmt":"2017-02-28T07:56:00","slug":"ministrul-apararii-romania-e-pregatita-sa-faca-fata-evolutiilor-complexe-din-mediul-de-securitate-din-regiune","status":"publish","type":"post","link":"https:\/\/analyse.optim.biz\/?p=365038","title":{"rendered":"Ministrul Ap\u0103r\u0103rii: Rom\u00e2nia e preg\u0103tit\u0103 s\u0103 fac\u0103 fa\u021b\u0103 evolu\u021biilor complexe din mediul de securitate din regiune"},"content":{"rendered":"<div class=\"description\" data-key=\"description\">Rom\u00e2nia este preg\u0103tit\u0103 s\u0103 fac\u0103 fa\u021b\u0103 evolu\u021biilor complexe din mediul de securitate care se manifest\u0103 \u00een regiune, fiind datoria ei s\u0103 aib\u0103 un sistem militar eficace, adaptat la contextul regional, a declarat mar\u021bi ministrul Ap\u0103r\u0103rii Na\u021bionale, Gabriel Le\u0219, la bilan\u021bul MApN pe anul 2016, scrie Agerpres.<\/div>\n<div class=\"articleBody\" data-key=\"articleBody\">Rom\u00e2nia este preg\u0103tit\u0103 s\u0103 fac\u0103 fa\u021b\u0103 evolu\u021biilor complexe din mediul de securitate care se manifest\u0103 \u00een regiune, fiind datoria ei s\u0103 aib\u0103 un sistem militar eficace, adaptat la contextul regional, a declarat mar\u021bi ministrul Ap\u0103r\u0103rii Na\u021bionale, Gabriel Le\u0219, la bilan\u021bul MApN pe anul 2016, scrie Agerpres.<\/p>\n<p>El a precizat c\u0103 bugetul institu\u021biei, de 2% din PIB, permite angajarea \u00een direc\u021bia moderniz\u0103rii sistemului militar.<\/p>\n<p>&#8220;Este datoria noastr\u0103 s\u0103 avem un sistem militar eficace \u0219i adaptat la contextul regional de securitate. Aceast\u0103 nou\u0103 arhitectur\u0103 a ap\u0103r\u0103rii implic\u0103 o for\u021b\u0103 uman\u0103 foarte bine preg\u0103tit\u0103, condi\u021bii corespunz\u0103toare de munc\u0103 \u0219i o dotare modern\u0103, care s\u0103 permit\u0103 armatei noastre s\u0103 \u00ee\u0219i \u00eendeplineasc\u0103 misiunile la standardele a\u0219teptate de societate&#8221;, a punctat Le\u0219.<\/p>\n<p>Potrivit acestuia, \u00een actualul context interna\u021bional, preocuparea principal\u0103 a MApN a fost cre\u0219terea capacit\u0103\u021bii opera\u021bionale a armatei, lucru care a depins \u00een mare m\u0103sur\u0103 de bugetul avut la dispozi\u021bie.\n<\/p><\/div>\n<p> Source URL: https:\/\/observatornews.ro\/politic\/ministrul-apararii-romania-e-pregatita-sa-faca-fata-evolutiilor-complexe-din-mediul-de-securitate-din-regiune-200895.html<\/p>\n","protected":false},"excerpt":{"rendered":"<p>Rom\u00e2nia este preg\u0103tit\u0103 s\u0103 fac\u0103 fa\u021b\u0103 evolu\u021biilor complexe din mediul de securitate care se manifest\u0103 \u00een regiune, fiind datoria ei s\u0103 aib\u0103 un sistem militar eficace, adaptat la contextul regional, a declarat mar\u021bi ministrul Ap\u0103r\u0103rii Na\u021bionale, Gabriel Le\u0219, la bilan\u021bul MApN pe anul 2016, scrie Agerpres. Rom\u00e2nia este preg\u0103tit\u0103 s\u0103 fac\u0103 fa\u021b\u0103 evolu\u021biilor complexe din [&hellip;]<\/p>\n","protected":false},"author":1,"featured_media":0,"comment_status":"open","ping_status":"","sticky":false,"template":"","format":"standard","meta":{"footnotes":""},"categories":[2],"tags":[30],"class_list":["post-365038","post","type-post","status-publish","format-standard","hentry","category-politics","tag-observatornews-ro"],"_links":{"self":[{"href":"https:\/\/analyse.optim.biz\/index.php?rest_route=\/wp\/v2\/posts\/365038","targetHints":{"allow":["GET"]}}],"collection":[{"href":"https:\/\/analyse.optim.biz\/index.php?rest_route=\/wp\/v2\/posts"}],"about":[{"href":"https:\/\/analyse.optim.biz\/index.php?rest_route=\/wp\/v2\/types\/post"}],"author":[{"embeddable":true,"href":"https:\/\/analyse.optim.biz\/index.php?rest_route=\/wp\/v2\/users\/1"}],"replies":[{"embeddable":true,"href":"https:\/\/analyse.optim.biz\/index.php?rest_route=%2Fwp%2Fv2%2Fcomments&post=365038"}],"version-history":[{"count":0,"href":"https:\/\/analyse.optim.biz\/index.php?rest_route=\/wp\/v2\/posts\/365038\/revisions"}],"wp:attachment":[{"href":"https:\/\/analyse.optim.biz\/index.php?rest_route=%2Fwp%2Fv2%2Fmedia&parent=365038"}],"wp:term":[{"taxonomy":"category","embeddable":true,"href":"https:\/\/analyse.optim.biz\/index.php?rest_route=%2Fwp%2Fv2%2Fcategories&post=365038"},{"taxonomy":"post_tag","embeddable":true,"href":"https:\/\/analyse.optim.biz\/index.php?rest_route=%2Fwp%2Fv2%2Ftags&post=365038"}],"curies":[{"name":"wp","href":"https:\/\/api.w.org\/{rel}","templated":true}]}}