{"id":365037,"date":"2017-02-28T14:09:00","date_gmt":"2017-02-28T11:09:00","guid":{"rendered":"https:\/\/analyse.optim.biz\/?p=365037"},"modified":"2017-02-28T14:09:00","modified_gmt":"2017-02-28T11:09:00","slug":"cristian-popescu-piedone-a-fost-trimis-in-judecata-care-sunt-acuzatiile-aduse-fostului-primar-al-sectorului-4","status":"publish","type":"post","link":"https:\/\/analyse.optim.biz\/?p=365037","title":{"rendered":"Cristian Popescu-Piedone a fost trimis \u00een judecat\u0103. Care sunt acuza\u0163iile aduse fostului primar al sectorului 4"},"content":{"rendered":"<div class=\"description\" data-key=\"description\">Magistra\u0163ii Tribunalului Bucure\u015fti au respins definitiv, mar\u0163i, contesta\u0163ia formulat\u0103 de fostul primar al Sectorului 4 Cristian Popescu &#8211; Piedone \u00een dosarul \u00een care este judecat pentru conflict de interese. Ei au stabilit \u00eenceperea judec\u0103rii pe fond a cauzei.<\/div>\n<div class=\"articleBody\" data-key=\"articleBody\">Magistra\u0163ii Tribunalului Bucure\u015fti au respins definitiv, mar\u0163i, contesta\u0163ia formulat\u0103 de fostul primar al Sectorului 4 Cristian Popescu &#8211; Piedone \u00een dosarul \u00een care este judecat pentru conflict de interese. Ei au stabilit \u00eenceperea judec\u0103rii pe fond a cauzei.<\/p>\n<p>Magistra\u0163ii Judec\u0103toriei Sectorului 4 au decis, pe 20 ianuarie, \u00eenceperea judec\u0103rii pe fond a dosarului, \u00eens\u0103 fostul primar a contestat decizia la Tribunalul Bucure\u015fti.<\/p>\n<p>Judec\u0103torii au respins definitiv, mar\u0163i, contesta\u0163ia acestuia \u015fi au stabilit c\u0103 poate \u00eencepe judecarea pe fond a dosarului.<\/p>\n<p>Cristian Popescu &#8211; Piedone a fost trimis \u00een judecat\u0103 pe 7 noiembrie 2016, pentru s\u0103v\u00e2r\u015firea a trei infrac\u0163iuni de conflict de interese, \u00eentr-un dosar instrumentat de procurori ai Sec\u0163iei de urm\u0103rire penal\u0103 \u015fi criminalistic\u0103 din cadrul Parchetului de pe l\u00e2ng\u0103 \u00cenalta Curte de Casa\u0163ie \u015fi Justi\u0163ie.<\/p>\n<p>Cele trei infrac\u0163iuni (11 acte materiale) au fost s\u0103v\u00e2r\u015fite \u00eencep\u00e2nd din anul 2013, se arat\u0103 \u00eentr-un comunicat de pres\u0103.\n<\/p><\/div>\n<p> Source URL: https:\/\/observatornews.ro\/politic\/cristian-popescupiedone-a-fost-trimis-in-judecata-care-sunt-acuzatiile-aduse-fostului-primar-al-sectorului-4-200929.html<\/p>\n","protected":false},"excerpt":{"rendered":"<p>Magistra\u0163ii Tribunalului Bucure\u015fti au respins definitiv, mar\u0163i, contesta\u0163ia formulat\u0103 de fostul primar al Sectorului 4 Cristian Popescu &#8211; Piedone \u00een dosarul \u00een care este judecat pentru conflict de interese. Ei au stabilit \u00eenceperea judec\u0103rii pe fond a cauzei. Magistra\u0163ii Tribunalului Bucure\u015fti au respins definitiv, mar\u0163i, contesta\u0163ia formulat\u0103 de fostul primar al Sectorului 4 Cristian Popescu [&hellip;]<\/p>\n","protected":false},"author":1,"featured_media":0,"comment_status":"open","ping_status":"","sticky":false,"template":"","format":"standard","meta":{"footnotes":""},"categories":[2],"tags":[30],"class_list":["post-365037","post","type-post","status-publish","format-standard","hentry","category-politics","tag-observatornews-ro"],"_links":{"self":[{"href":"https:\/\/analyse.optim.biz\/index.php?rest_route=\/wp\/v2\/posts\/365037","targetHints":{"allow":["GET"]}}],"collection":[{"href":"https:\/\/analyse.optim.biz\/index.php?rest_route=\/wp\/v2\/posts"}],"about":[{"href":"https:\/\/analyse.optim.biz\/index.php?rest_route=\/wp\/v2\/types\/post"}],"author":[{"embeddable":true,"href":"https:\/\/analyse.optim.biz\/index.php?rest_route=\/wp\/v2\/users\/1"}],"replies":[{"embeddable":true,"href":"https:\/\/analyse.optim.biz\/index.php?rest_route=%2Fwp%2Fv2%2Fcomments&post=365037"}],"version-history":[{"count":0,"href":"https:\/\/analyse.optim.biz\/index.php?rest_route=\/wp\/v2\/posts\/365037\/revisions"}],"wp:attachment":[{"href":"https:\/\/analyse.optim.biz\/index.php?rest_route=%2Fwp%2Fv2%2Fmedia&parent=365037"}],"wp:term":[{"taxonomy":"category","embeddable":true,"href":"https:\/\/analyse.optim.biz\/index.php?rest_route=%2Fwp%2Fv2%2Fcategories&post=365037"},{"taxonomy":"post_tag","embeddable":true,"href":"https:\/\/analyse.optim.biz\/index.php?rest_route=%2Fwp%2Fv2%2Ftags&post=365037"}],"curies":[{"name":"wp","href":"https:\/\/api.w.org\/{rel}","templated":true}]}}