{"id":364798,"date":"2017-03-06T09:03:00","date_gmt":"2017-03-06T06:03:00","guid":{"rendered":"https:\/\/analyse.optim.biz\/?p=364798"},"modified":"2017-03-06T09:03:00","modified_gmt":"2017-03-06T06:03:00","slug":"dupa-eurovision-pe-basescu-l-a-cuprins-nostalgia-au-ars-in-10-ani-cat-noi-toti-intr-o-viata","status":"publish","type":"post","link":"https:\/\/analyse.optim.biz\/?p=364798","title":{"rendered":"Dup\u0103 Eurovision, pe B\u0103sescu l-a cuprins nostalgia: Au &#8220;ars&#8221; \u00een 10 ani c\u00e2t noi to\u0163i \u00eentr-o via\u0163\u0103!"},"content":{"rendered":"<div class=\"description\" data-key=\"description\">Traian B\u0103sescu \u015fi-a dezv\u0103luit preferin\u0163ele muzicale! \u00centr-o postare pe pagina sa de Facebook, fostul pre\u015fedinte a m\u0103rturisit c\u0103 decizia luat\u0103 de TVR, asear\u0103, \u00een pauza de o or\u0103 rezervat\u0103 desemn\u0103rii c\u00e2\u015ftig\u0103torului Eurovision Rom\u00e2nia, a fost extrem de inspirat\u0103, postul public de televiziune difuz\u00e2nd timp de aproape o or\u0103 un concert ABBA. &#8220;A fost o \u00eentoarcere \u00een timp care mi-a umplut sufletul de bucurie&#8221;, a scris Traian B\u0103sescu pe Facebook.<\/div>\n<div class=\"articleBody\" data-key=\"articleBody\">Traian B\u0103sescu \u015fi-a dezv\u0103luit preferin\u0163ele muzicale! \u00centr-o postare pe pagina sa de Facebook, fostul pre\u015fedinte a m\u0103rturisit c\u0103 decizia luat\u0103 de TVR, asear\u0103, \u00een pauza de o or\u0103 rezervat\u0103 desemn\u0103rii c\u00e2\u015ftig\u0103torului Eurovision Rom\u00e2nia, a fost extrem de inspirat\u0103, postul public difuz\u00e2nd timp de aproape o or\u0103 un concert ABBA. &#8220;A fost o \u00eentoarcere \u00een timp care mi-a umplut sufletul de bucurie&#8221;, a scris Traian B\u0103sescu pe Facebook.<\/p>\n<p>&#8220;ABBA<\/p>\n<p>Ieri sear\u0103, \u00een pauza de o or\u0103 rezervat\u0103 desemn\u0103rii c\u00e2\u015ftig\u0103torului Eurovision Rom\u00e2nia, TVR, extrem de inspirat, a difuzat timp de aproape o or\u0103 un concert ABBA. A fost o \u00eentoarcere \u00een timp care mi-a umplut sufletul de bucurie.<\/p>\n<p>Spectacol de mare calitate, un spectacol al valorii artistice, un spectacol al decen\u0163ei, un spectacol al oamenilor care \u015fi-au pus sufletul \u00een c\u00e2ntecele lor \u015fi le-au dat lumii \u00een anii 74 &#8211; 82.<\/p>\n<p>Acum am primit \u015fi r\u0103spunsul la \u00eentrebarea \u201cde ce nu au mai vrut niciodat\u0103 s\u0103 c\u00e2nte \u00eempreun\u0103\u201d dup\u0103 ce au anun\u0163at c\u0103 forma\u0163ia \u015fi-a \u00eencetat activitatea. Au dat toat\u0103 frumuse\u0163ea sufletelor lor \u00een cei aproape 10 ani de crea\u0163ie la v\u00e2rf. Au \u201ears\u201d \u00een 10 ani c\u00e2t noi to\u0163i \u00eentr-o via\u0163\u0103.<\/p>\n<p>Dup\u0103 ce au oferit lumii tot ce au avut, dac\u0103 ar fi \u00eencercat s\u0103 mai c\u00e2nte \u00eempreun\u0103 dup\u0103 ani, nu aveau ce s\u0103 ne mai dea \u00een plus \u015fi, ca mari arti\u015fti, ca mari caractere, n-au vrut s\u0103-\u015fi \u00een\u015fele publicul.<\/p>\n<p>Dac\u0103 p\u00e2n\u0103 azi i-am iubit pentru c\u0103 au f\u0103cut o muzic\u0103 extraordinar\u0103, muzica tinere\u0163ii mele, de azi, dup\u0103 ce i-am rev\u0103zut la TVR \u00een concertul ABBA, \u00eei \u015fi respect enorm ca arti\u015fti, ca oameni, pentru c\u0103 au \u015ftiut c\u00e2nd s\u0103 se opreasc\u0103. Nu mai aveau nimic de dat lumii. D\u0103duser\u0103 tot \u015fi au plecat.<\/p>\n<p>Cei \u015fase (4+2) suedezi de la ABBA ne-au dat tuturor o lec\u0163ie de via\u0163\u0103&#8221;, a m\u0103rturisit, nostalgic fostul pre\u015fedinte.\n<\/p><\/div>\n<p> Source URL: https:\/\/observatornews.ro\/politic\/basescu-sia-dezvaluit-preferintele-muzicale-pe-facebook-au-ars-in-10-ani-cat-noi-toti-intro-viata-201549.html<\/p>\n","protected":false},"excerpt":{"rendered":"<p>Traian B\u0103sescu \u015fi-a dezv\u0103luit preferin\u0163ele muzicale! \u00centr-o postare pe pagina sa de Facebook, fostul pre\u015fedinte a m\u0103rturisit c\u0103 decizia luat\u0103 de TVR, asear\u0103, \u00een pauza de o or\u0103 rezervat\u0103 desemn\u0103rii c\u00e2\u015ftig\u0103torului Eurovision Rom\u00e2nia, a fost extrem de inspirat\u0103, postul public de televiziune difuz\u00e2nd timp de aproape o or\u0103 un concert ABBA. &#8220;A fost o \u00eentoarcere [&hellip;]<\/p>\n","protected":false},"author":1,"featured_media":364799,"comment_status":"open","ping_status":"","sticky":false,"template":"","format":"standard","meta":{"footnotes":""},"categories":[2],"tags":[30],"class_list":["post-364798","post","type-post","status-publish","format-standard","has-post-thumbnail","hentry","category-politics","tag-observatornews-ro"],"_links":{"self":[{"href":"https:\/\/analyse.optim.biz\/index.php?rest_route=\/wp\/v2\/posts\/364798","targetHints":{"allow":["GET"]}}],"collection":[{"href":"https:\/\/analyse.optim.biz\/index.php?rest_route=\/wp\/v2\/posts"}],"about":[{"href":"https:\/\/analyse.optim.biz\/index.php?rest_route=\/wp\/v2\/types\/post"}],"author":[{"embeddable":true,"href":"https:\/\/analyse.optim.biz\/index.php?rest_route=\/wp\/v2\/users\/1"}],"replies":[{"embeddable":true,"href":"https:\/\/analyse.optim.biz\/index.php?rest_route=%2Fwp%2Fv2%2Fcomments&post=364798"}],"version-history":[{"count":0,"href":"https:\/\/analyse.optim.biz\/index.php?rest_route=\/wp\/v2\/posts\/364798\/revisions"}],"wp:featuredmedia":[{"embeddable":true,"href":"https:\/\/analyse.optim.biz\/index.php?rest_route=\/wp\/v2\/media\/364799"}],"wp:attachment":[{"href":"https:\/\/analyse.optim.biz\/index.php?rest_route=%2Fwp%2Fv2%2Fmedia&parent=364798"}],"wp:term":[{"taxonomy":"category","embeddable":true,"href":"https:\/\/analyse.optim.biz\/index.php?rest_route=%2Fwp%2Fv2%2Fcategories&post=364798"},{"taxonomy":"post_tag","embeddable":true,"href":"https:\/\/analyse.optim.biz\/index.php?rest_route=%2Fwp%2Fv2%2Ftags&post=364798"}],"curies":[{"name":"wp","href":"https:\/\/api.w.org\/{rel}","templated":true}]}}