{"id":364580,"date":"2017-03-11T13:34:00","date_gmt":"2017-03-11T10:34:00","guid":{"rendered":"https:\/\/analyse.optim.biz\/?p=364580"},"modified":"2017-03-11T13:34:00","modified_gmt":"2017-03-11T10:34:00","slug":"ministrul-justitiei-ancheta-privind-oug-13-nu-poate-continua-pe-oportunitate-si-legalitate","status":"publish","type":"post","link":"https:\/\/analyse.optim.biz\/?p=364580","title":{"rendered":"Ministrul Justi\u0163iei: &#8220;ANCHETA privind OUG 13 NU POATE CONTINUA pe oportunitate \u015fi legalitate&#8221;"},"content":{"rendered":"<div class=\"description\" data-key=\"description\">Ancheta \u00een cazul Ordonan\u0163ei 13 continu\u0103 \u00een leg\u0103tur\u0103 cu comiterea de infrac\u0163iuni, dar nu poate continua asupra aspectelor de oportunitate \u015fi legalitate, a declarat, s\u00e2mb\u0103t\u0103, ministrul Justi\u0163iei, Tudorel Toader, la Digi 24, referindu-se la motivarea CCR privind conflictul juridic dintre DNA \u015fi Guvern. Ministrul a precizat c\u0103 a prezentat Comisiei de la Vene\u0163ia, al c\u0103rei membru titular este, un raport privind evolu\u0163iile constitu\u0163ionale \u015fi legislative recente din Rom\u00e2nia.<\/div>\n<div class=\"articleBody\" data-key=\"articleBody\">Ancheta \u00een cazul Ordonan\u0163ei 13 continu\u0103 \u00een leg\u0103tur\u0103 cu comiterea de infrac\u0163iuni, dar nu poate continua asupra aspectelor de oportunitate \u015fi legalitate, a declarat, s\u00e2mb\u0103t\u0103, ministrul Justi\u0163iei, Tudorel Toader, la Digi 24, referindu-se la motivarea CCR privind conflictul juridic dintre DNA \u015fi Guvern. Ministrul a precizat c\u0103 a prezentat Comisiei de la Vene\u0163ia, al c\u0103rei membru titular este, un raport privind evolu\u0163iile constitu\u0163ionale \u015fi legislative recente din Rom\u00e2nia.<\/p>\n<p>Ministrul Justi\u0163iei, Tudorel Toader a declarat, s\u00e2mb\u0103t\u0103, la Digi 24, c\u0103 procurorii \u00ee\u015fi vor continua ancheta pentru a finaliza dosarul privind OUG 13.<\/p>\n<p>&#8220;Ancheta continu\u0103 pe infrac\u0163iuni, pe fapte prev\u0103zute \u00een Codul penal sau \u00eentr-o lege special\u0103, dar nu poate continua pe oportunitate, circumstan\u0163e, \u00eemprejur\u0103ri, legalitate, constitu\u0163ionalitate&#8221;, a spus Toader.<\/p>\n<p>El a ad\u0103ugat c\u0103 particip\u0103, \u00een aceste zile, la cea de a 110-a sesiune plenar\u0103 a Comisiei de la Vene\u0163ia, \u00een cadrul c\u0103reia a prezentat un raport privind OUG 13, OUG 14 \u015fi protestele din Rom\u00e2nia.<\/p>\n<p>&#8220;Am participat \u015fi particip \u00een calitate de membru titular. \u00cen plus, pre\u015fedintele Comisiei de la Vene\u0163ia mi-a adresat invita\u0163ia de a face o prezentare \u00een plenul Comisiei priind evolu\u0163iile constitu\u0163ionale, legislative, recente din Rom\u00e2nia. Am f\u0103cut aceast\u0103 prezentare, acest raport. Despre ce puteam s\u0103 vorbesc? OUG 13 cu legea de respingere, OUG 14 cu legea de aprobare, despre atitudinea civic\u0103, protestele care au \u00eenso\u0163it aceste evenimente legislative, despre decizia CCR care a fost publicat\u0103 ieri (vineri, n.r.) \u00een Monitorul Oficial. A\u015fadar, am prezentat con\u0163inutul actelor normative, efectele juridice pe care acestea le-au produs sau le produc \u00eenc\u0103 \u015fi consecin\u0163ele sociale pe care le-au generat. (&#8230;) De ce consider c\u0103 raportul este util \u015fi era necesar? Pentru o bun\u0103 informare a Comisiei Europene, a Consiliului Europei, a Comisiei de la Vene\u0163ia, pentru c\u0103 numai comunic\u00e2nd corect \u015fi la timp con\u0163inutul \u015fi evolu\u0163iile la care m-am referit \u015fi evalu\u0103rile noastre pot fi obiective \u00een acord cu realit\u0103\u0163ile sociale \u015fi juridice. S\u0103 nu uit\u0103m c\u0103 avem MCV, Rom\u00e2nia trebuia s\u0103 r\u0103spund\u0103 la ni\u015fte standarde, la ni\u015fte condi\u0163ionalit\u0103\u0163i, iar prezen\u0163a mea aici o consider util\u0103, benefic\u0103 din aceasta perspectiv\u0103\u201d, a mai spus Tudorel Toader.<\/p>\n<p>Curtea Constitu\u0163ional\u0103 a ar\u0103tat \u00een motivarea deciziei prin care a constatat existen\u0163a unui conflict juridic de natur\u0103 constitu\u0163ional\u0103 \u00eentre Ministerul Public &#8211; DNA \u015fi Guvern, c\u0103 ancheta procurorilor DNA legat\u0103 de adoptarea OUG 13\/2017 nu intra \u00een competen\u0163ele procurorilor, deoarece ace\u015ftia nu pot face cercet\u0103ri privind oportunitatea \u015fi legalitatea unui act normativ adoptat de legiuitor.<\/p>\n<p>\u201d\u00cen ceea ce prives\u0327te Ministerul Public, conduita conforma\u0306 Constitut\u0327iei transpare din (\u2026) abt\u0327inerea de la orice act\u0327iune care ar avea ca efect subrogarea \u00een atribut\u0327iile altei autorita\u0306t\u0327i publice. Prin urmare, Ministerul Public nu are competent\u0326a de a desfa\u0306s\u0326ura activita\u0306t\u0326i de cercetare penala\u0306 cu privire la legalitatea s\u0326i oportunitatea unui act normativ adoptat de legiuitor\u201d, scrie \u00een motivarea deciziei CCR, dat\u0103 publicit\u0103\u0163ii vineri.\n<\/p><\/div>\n<p> Source URL: https:\/\/observatornews.ro\/politic\/ministrul-justitiei-ancheta-privind-oug-13-nu-poate-continua-pe-oportunitate-si-legalitate-202225.html<\/p>\n","protected":false},"excerpt":{"rendered":"<p>Ancheta \u00een cazul Ordonan\u0163ei 13 continu\u0103 \u00een leg\u0103tur\u0103 cu comiterea de infrac\u0163iuni, dar nu poate continua asupra aspectelor de oportunitate \u015fi legalitate, a declarat, s\u00e2mb\u0103t\u0103, ministrul Justi\u0163iei, Tudorel Toader, la Digi 24, referindu-se la motivarea CCR privind conflictul juridic dintre DNA \u015fi Guvern. Ministrul a precizat c\u0103 a prezentat Comisiei de la Vene\u0163ia, al c\u0103rei [&hellip;]<\/p>\n","protected":false},"author":1,"featured_media":0,"comment_status":"open","ping_status":"","sticky":false,"template":"","format":"standard","meta":{"footnotes":""},"categories":[2],"tags":[30],"class_list":["post-364580","post","type-post","status-publish","format-standard","hentry","category-politics","tag-observatornews-ro"],"_links":{"self":[{"href":"https:\/\/analyse.optim.biz\/index.php?rest_route=\/wp\/v2\/posts\/364580","targetHints":{"allow":["GET"]}}],"collection":[{"href":"https:\/\/analyse.optim.biz\/index.php?rest_route=\/wp\/v2\/posts"}],"about":[{"href":"https:\/\/analyse.optim.biz\/index.php?rest_route=\/wp\/v2\/types\/post"}],"author":[{"embeddable":true,"href":"https:\/\/analyse.optim.biz\/index.php?rest_route=\/wp\/v2\/users\/1"}],"replies":[{"embeddable":true,"href":"https:\/\/analyse.optim.biz\/index.php?rest_route=%2Fwp%2Fv2%2Fcomments&post=364580"}],"version-history":[{"count":0,"href":"https:\/\/analyse.optim.biz\/index.php?rest_route=\/wp\/v2\/posts\/364580\/revisions"}],"wp:attachment":[{"href":"https:\/\/analyse.optim.biz\/index.php?rest_route=%2Fwp%2Fv2%2Fmedia&parent=364580"}],"wp:term":[{"taxonomy":"category","embeddable":true,"href":"https:\/\/analyse.optim.biz\/index.php?rest_route=%2Fwp%2Fv2%2Fcategories&post=364580"},{"taxonomy":"post_tag","embeddable":true,"href":"https:\/\/analyse.optim.biz\/index.php?rest_route=%2Fwp%2Fv2%2Ftags&post=364580"}],"curies":[{"name":"wp","href":"https:\/\/api.w.org\/{rel}","templated":true}]}}