{"id":364577,"date":"2017-03-12T13:04:00","date_gmt":"2017-03-12T10:04:00","guid":{"rendered":"https:\/\/analyse.optim.biz\/?p=364577"},"modified":"2017-03-12T13:04:00","modified_gmt":"2017-03-12T10:04:00","slug":"gabriel-oprea-anunt-surprinzator-pe-facebook-nu-revin-in-politica","status":"publish","type":"post","link":"https:\/\/analyse.optim.biz\/?p=364577","title":{"rendered":"Gabriel Oprea, anun\u0163 surprinz\u0103tor pe Facebook: &#8220;Nu revin \u00een politic\u0103&#8230;&#8221;"},"content":{"rendered":"<div class=\"description\" data-key=\"description\">Fostul vicepremier Gabriel Oprea scrie pe Facebook, dup\u0103 ce \u00een pres\u0103 au ap\u0103rut informa\u0163ii privind reuniunea fac\u0163iunii UNPR care contest\u0103 fuziunea cu PMP \u015fi r\u0103m\u00e2ne fidel\u0103 social-democra\u0163ilor, c\u0103 nu vrea s\u0103 revin\u0103 \u00een politic\u0103, iar \u00eent\u00e2lnirile cu fo\u015ftii s\u0103i colegi au fost de natur\u0103 &#8220;personal\u0103&#8221;.<\/div>\n<div class=\"articleBody\" data-key=\"articleBody\">Fostul vicepremier Gabriel Oprea scrie pe Facebook, dup\u0103 ce \u00een pres\u0103 au ap\u0103rut informa\u0163ii privind reuniunea fac\u0163iunii UNPR care contest\u0103 fuziunea cu PMP \u015fi r\u0103m\u00e2ne fidel\u0103 social-democra\u0163ilor, c\u0103 nu vrea s\u0103 revin\u0103 \u00een politic\u0103, iar \u00eent\u00e2lnirile cu fo\u015ftii s\u0103i colegi au fost de natur\u0103 &#8220;personal\u0103&#8221;.<\/p>\n<p>&#8220;\u00cen ultima perioad\u0103 au fost publicate materiale de pres\u0103 potrivit c\u0103rora a\u015f fi implicat \u00een organizarea, al\u0103turi de fo\u015fti colegi din UNPR, a unor ac\u0163iuni politice. Aceste informa\u0163ii sunt false. Nu inten\u0163ionez s\u0103 revin \u00een politic\u0103&#8221;, a scrie Oprea.<\/p>\n<p>El spune c\u0103 \u00eent\u00e2lnirile cu fo\u015ftii colegi din UNPR au fost &#8220;de natur\u0103 personal\u0103&#8221; \u015fi nu vizeaz\u0103 politica.<\/p>\n<p>Aripa din UNPR care contest\u0103 fuziunea cu PMP, \u00een r\u00e2ndul c\u0103reia exist\u0103 \u00een continuare ale\u015fi locali, a avut zilele trecute o reuniune, ar\u0103t\u00e2ndu-\u015fi sprijinul pentru PSD \u015fi Guvern. De altfel, membri ai acestei aripi au participat \u015fi la unul dintre mitingurile pro-guvernamentale organizate de PSD \u00een D\u00e2mbovi\u0163a, unde au fost afi\u015fat mesaje sub sigla fostului UNPR.\n<\/p><\/div>\n<p> Source URL: https:\/\/observatornews.ro\/politic\/gabriel-oprea-anunt-dupa-reuniunea-factiunii-din-unpr-care-contesta-fuziunea-cu-pmp-nu-revin-in-politica-202302.html<\/p>\n","protected":false},"excerpt":{"rendered":"<p>Fostul vicepremier Gabriel Oprea scrie pe Facebook, dup\u0103 ce \u00een pres\u0103 au ap\u0103rut informa\u0163ii privind reuniunea fac\u0163iunii UNPR care contest\u0103 fuziunea cu PMP \u015fi r\u0103m\u00e2ne fidel\u0103 social-democra\u0163ilor, c\u0103 nu vrea s\u0103 revin\u0103 \u00een politic\u0103, iar \u00eent\u00e2lnirile cu fo\u015ftii s\u0103i colegi au fost de natur\u0103 &#8220;personal\u0103&#8221;. Fostul vicepremier Gabriel Oprea scrie pe Facebook, dup\u0103 ce \u00een [&hellip;]<\/p>\n","protected":false},"author":1,"featured_media":364578,"comment_status":"open","ping_status":"","sticky":false,"template":"","format":"standard","meta":{"footnotes":""},"categories":[2],"tags":[30],"class_list":["post-364577","post","type-post","status-publish","format-standard","has-post-thumbnail","hentry","category-politics","tag-observatornews-ro"],"_links":{"self":[{"href":"https:\/\/analyse.optim.biz\/index.php?rest_route=\/wp\/v2\/posts\/364577","targetHints":{"allow":["GET"]}}],"collection":[{"href":"https:\/\/analyse.optim.biz\/index.php?rest_route=\/wp\/v2\/posts"}],"about":[{"href":"https:\/\/analyse.optim.biz\/index.php?rest_route=\/wp\/v2\/types\/post"}],"author":[{"embeddable":true,"href":"https:\/\/analyse.optim.biz\/index.php?rest_route=\/wp\/v2\/users\/1"}],"replies":[{"embeddable":true,"href":"https:\/\/analyse.optim.biz\/index.php?rest_route=%2Fwp%2Fv2%2Fcomments&post=364577"}],"version-history":[{"count":0,"href":"https:\/\/analyse.optim.biz\/index.php?rest_route=\/wp\/v2\/posts\/364577\/revisions"}],"wp:featuredmedia":[{"embeddable":true,"href":"https:\/\/analyse.optim.biz\/index.php?rest_route=\/wp\/v2\/media\/364578"}],"wp:attachment":[{"href":"https:\/\/analyse.optim.biz\/index.php?rest_route=%2Fwp%2Fv2%2Fmedia&parent=364577"}],"wp:term":[{"taxonomy":"category","embeddable":true,"href":"https:\/\/analyse.optim.biz\/index.php?rest_route=%2Fwp%2Fv2%2Fcategories&post=364577"},{"taxonomy":"post_tag","embeddable":true,"href":"https:\/\/analyse.optim.biz\/index.php?rest_route=%2Fwp%2Fv2%2Ftags&post=364577"}],"curies":[{"name":"wp","href":"https:\/\/api.w.org\/{rel}","templated":true}]}}