{"id":364382,"date":"2017-03-16T17:38:00","date_gmt":"2017-03-16T14:38:00","guid":{"rendered":"https:\/\/analyse.optim.biz\/?p=364382"},"modified":"2017-03-16T17:38:00","modified_gmt":"2017-03-16T14:38:00","slug":"mai-multi-bani-pentru-ministri-ce-sume-vor-primi-in-2017-pentru-cheltuielile-de-cazare","status":"publish","type":"post","link":"https:\/\/analyse.optim.biz\/?p=364382","title":{"rendered":"MAI MUL\u0162I BANI pentru mini\u015ftri! Ce sume vor primi \u00een 2017 pentru cheltuielile de cazare"},"content":{"rendered":"<div class=\"description\" data-key=\"description\">Mini\u015ftrii \u015fi persoanele care ocup\u0103 func\u0163ii asimilate celei de ministru \u00ee\u015fi vor deconta din buget cheltuielile de cazare \u00een locuin\u0163ele de serviciu de la RA-APPS \u00een limita unui plafon mai mare, respectiv 55.000 lei anual, potrivit unei Hot\u0103r\u00e2ri aprobate de Executiv joi, a declarat, purt\u0103torul de cuv\u00e2nt al Guvernului, Alina Petrescu.<\/div>\n<div class=\"articleBody\" data-key=\"articleBody\">Mini\u015ftrii \u015fi persoanele care ocup\u0103 func\u0163ii asimilate celei de ministru \u00ee\u015fi vor deconta din buget cheltuielile de cazare \u00een locuin\u0163ele de serviciu de la RA-APPS \u00een limita unui plafon mai mare, respectiv 55.000 lei anual, potrivit unei Hot\u0103r\u00e2ri aprobate de Executiv joi, a declarat, purt\u0103torul de cuv\u00e2nt al Guvernului, Alina Petrescu.<\/p>\n<p>&#8220;Este vorba de cre\u015fterea plafoanelor pentru decontare. V\u0103 reamintesc c\u0103 tot ceea ce \u00eenseamn\u0103 chirii, cheltuieli de \u00eentre\u0163inere a locuin\u0163elor de serviciu \u015fi amortizarea bunurilor, inclusiv a mobilierului se asigur\u0103 de institu\u0163iile publice \u00een care demnitarul respectiv activeaz\u0103. Se face o actualizare anual\u0103 a acestor plafoane&#8221;, a declarat \u00a0Alina Petrescu, la finalul \u015fedin\u0163ei de Guvern.<\/p>\n<p>Purt\u0103torul de cuv\u00e2nt al Executivului a precizat c\u0103, anul trecut, dintr-un num\u0103r de 118 demnitari s-a constatat c\u0103 aproximativ 40% au fost nevoi\u0163i s\u0103-\u015fi suplimenteze din fonduri proprii aceste cheltuieli.<\/p>\n<p>&#8220;\u00cen consecin\u0163\u0103 \u015fi av\u00e2nd \u00een vedere ce v\u0103 spuneam mai devreme c\u0103 se face acea actualizare anual\u0103 rezult\u0103 pentru mini\u015ftri, inclusiv persoanele care ocup\u0103 func\u0163ii asimilate celei de ministru, precum \u015fi de mini\u015ftri delega\u0163i pe durata mandatului se asigur\u0103 decontarea cheltuielilor de cazare \u015fi se majoreaz\u0103 cu 7.000 de lei pe an, se stabile\u015fte a\u015fadar un plafon maxim anual de 55.000 de lei, pentru secretarii de stat este vorba de o decontare pe o perioad\u0103 de trei luni de la data numirii se majoreaz\u0103 cu 1.500 de lei pe an, iar pentru persoanele care ocup\u0103 func\u0163ia de viceprim-ministru, ministru, mini\u015ftri de stat, ministru delegat \u015fi func\u0163ii asimilate de ministru decontarea se majoreaz\u0103 cu 7.000 de lei, plafonul maxim ajunge la 55.000 de lei\u201d, a explicat Petrescu.<\/p>\n<p>Totodat\u0103, ea a \u0163inut s\u0103 arate motivele pentru care sunt realizate aceste actualiz\u0103ri.<\/p>\n<p>&#8220;De exemplu, \u00eencep\u00e2nd cu 1 ianuarie 2016, plata impozitelor \u015fi taxelor aferente cl\u0103dirilor \u015fi terenurilor revine \u00een totalitate societ\u0103\u0163ii (RA- APPS &#8211; n.r.) la data la care au fost stabilite tarifele aplicate. \u00cen prezent, nu fuseser\u0103 incluse aceste taxe. Dup\u0103 aceea, este vorba de o reevaluare a cl\u0103dirilor care a dus \u015fi ea la o cre\u015ftere a cheltuielilor (&#8230;) \u00cen 2016 fa\u0163\u0103 de 2014 cheltuielile pentru administrarea cl\u0103dirilor au crescut&#8221;, a spus Petrescu.<\/p>\n<p>Majoritatea mini\u015ftrilor nu de\u0163in, conform declara\u0163iilor de avere, locuin\u0163e \u00een Bucure\u015fti sau \u00een \u00eemprejurimi, astfel c\u0103 de prevederile acestei Hot\u0103r\u00e2ri de Guvern ar putea s\u0103 beneficieze mini\u015ftrii Lia Olgu\u0163a Vasilescu, Florian Bodog, Carmen Dan, Gabriel Le\u015f, Sevil Shhaideh, Mihai Tudose, Toma Petcu, Adriana Petcu, Augustin Jianu, Marius Dunca, Mircea Dobre \u015fi Gra\u0163iela Gavrilescu.\u00a0\n<\/p><\/div>\n<p> Source URL: https:\/\/observatornews.ro\/politic\/mai-multi-bani-pentru-ministri-ce-sume-vor-primi-in-2017-pentru-cheltuielile-de-cazare-202852.html<\/p>\n","protected":false},"excerpt":{"rendered":"<p>Mini\u015ftrii \u015fi persoanele care ocup\u0103 func\u0163ii asimilate celei de ministru \u00ee\u015fi vor deconta din buget cheltuielile de cazare \u00een locuin\u0163ele de serviciu de la RA-APPS \u00een limita unui plafon mai mare, respectiv 55.000 lei anual, potrivit unei Hot\u0103r\u00e2ri aprobate de Executiv joi, a declarat, purt\u0103torul de cuv\u00e2nt al Guvernului, Alina Petrescu. Mini\u015ftrii \u015fi persoanele care [&hellip;]<\/p>\n","protected":false},"author":1,"featured_media":0,"comment_status":"open","ping_status":"","sticky":false,"template":"","format":"standard","meta":{"footnotes":""},"categories":[2],"tags":[30],"class_list":["post-364382","post","type-post","status-publish","format-standard","hentry","category-politics","tag-observatornews-ro"],"_links":{"self":[{"href":"https:\/\/analyse.optim.biz\/index.php?rest_route=\/wp\/v2\/posts\/364382","targetHints":{"allow":["GET"]}}],"collection":[{"href":"https:\/\/analyse.optim.biz\/index.php?rest_route=\/wp\/v2\/posts"}],"about":[{"href":"https:\/\/analyse.optim.biz\/index.php?rest_route=\/wp\/v2\/types\/post"}],"author":[{"embeddable":true,"href":"https:\/\/analyse.optim.biz\/index.php?rest_route=\/wp\/v2\/users\/1"}],"replies":[{"embeddable":true,"href":"https:\/\/analyse.optim.biz\/index.php?rest_route=%2Fwp%2Fv2%2Fcomments&post=364382"}],"version-history":[{"count":0,"href":"https:\/\/analyse.optim.biz\/index.php?rest_route=\/wp\/v2\/posts\/364382\/revisions"}],"wp:attachment":[{"href":"https:\/\/analyse.optim.biz\/index.php?rest_route=%2Fwp%2Fv2%2Fmedia&parent=364382"}],"wp:term":[{"taxonomy":"category","embeddable":true,"href":"https:\/\/analyse.optim.biz\/index.php?rest_route=%2Fwp%2Fv2%2Fcategories&post=364382"},{"taxonomy":"post_tag","embeddable":true,"href":"https:\/\/analyse.optim.biz\/index.php?rest_route=%2Fwp%2Fv2%2Ftags&post=364382"}],"curies":[{"name":"wp","href":"https:\/\/api.w.org\/{rel}","templated":true}]}}