{"id":363603,"date":"2017-04-03T18:25:00","date_gmt":"2017-04-03T15:25:00","guid":{"rendered":"https:\/\/analyse.optim.biz\/?p=363603"},"modified":"2017-04-03T18:25:00","modified_gmt":"2017-04-03T15:25:00","slug":"lovitura-radu-mazare-aproape-de-achitare-in-dosarul-plajelor-retrocedate-decizia-ar-fi-fost-luata-in-baza-votului-consiliului-local","status":"publish","type":"post","link":"https:\/\/analyse.optim.biz\/?p=363603","title":{"rendered":"LOVITUR\u0102! Radu Maz\u0103re, aproape de achitare \u00een dosarul plajelor retrocedate. Decizia ar fi fost luat\u0103 \u00een baza votului Consiliului Local"},"content":{"rendered":"<div class=\"description\" data-key=\"description\">Ap\u0103r\u0103torii lui Radu Maz\u0103re au cerut\u00a0achitarea fostului primar al municipiului Constan\u0163a \u00een dosarul plajelor retrocedate, pe motiv c\u0103 retroced\u0103rile s-au f\u0103cut \u00een baza votului dat de reprezentan\u0163ii Consiliului Local, iar Prefectura nu a avut obiec\u0163ii \u00een urma votului.<\/div>\n<div class=\"articleBody\" data-key=\"articleBody\">Ap\u0103r\u0103torii lui Radu Maz\u0103re au cerut\u00a0achitarea fostului primar al municipiului Constan\u0163a \u00een dosarul plajelor retrocedate, pe motiv c\u0103 retroced\u0103rile s-au f\u0103cut \u00een baza votului dat de reprezentan\u0163ii Consiliului Local, iar Prefectura nu a avut obiec\u0163ii \u00een urma votului.<\/p>\n<p>&#8220;\u00cencep cu v\u00e2nzarea Cazinoului, pentru c\u0103 doar Radu Maz\u0103re a fost trimis \u00een judecat\u0103 pentru acest lucru. La v\u00e2nzarea Cazinoului am s\u0103 invoc hot\u0103r\u00e2rile Consiliului Local. Nu exist\u0103 niciun fel de descriere a faptei. Am s\u0103 \u00eencep cu legea care reglementeaz\u0103 atribu\u0163iile primarului \u015fi cele ale Consiliul Local, Legea 215 alineatul 5 vorbe\u015fte despre autonomia autorit\u0103\u0163ilor locale. Domnul Maz\u0103re e trimis \u00een judecat\u0103 c\u0103 a v\u00e2ndut imobilele aferente. S\u0103 vedem dac\u0103 potrivit 215 putea s\u0103 semneze. \u00cen prima legislatur\u0103 s-a dispus oportunitatea v\u00e2nz\u0103rii acestor imobile. \u00cen 2004 s-a schimbat Consiliul Local. Comisia de v\u00e2nzare era format\u0103 din 13 persoane, consilieri, pentru c\u0103 era vorba de imobile din patrimoniul privat al prim\u0103riei. Consiliul Local a decis Comisia, nu primarul. \u00cen procesul-verbal de negociere se spune c\u0103 \u00abMunicipiul Constan\u0163a mandatat de c\u0103tre Consiliul Local&#8230;\u00bb&#8221;, a ar\u0103tat ap\u0103r\u0103torul lui Maz\u0103re \u00een fa\u0163a instan\u0163ei.<\/p>\n<p>Avocatul a mai spus c\u0103, dup\u0103 aceea, Comisia mandatat\u0103 de Consiliul Local a transmis tot dosarul c\u0103tre notar.<\/p>\n<p>&#8220;Notarul Mariana Iosif a verificat legalitatea actelor, mai exact contractul de v\u00e2nzare-cump\u0103rare din 28 februarie 2007. Contractul e semnat de Radu Maz\u0103re. \u00cen preambul se vorbe\u015fte de toate hot\u0103r\u00e2rile Consiliului Local \u015fi de raportul de expertiz\u0103. Radu Maz\u0103re punea \u00een executare hot\u0103r\u00e2rile Consiliului Local. Primarul nu are calitatea de a exercita cale de atac direct\u0103 \u00eempotriva hot\u0103r\u00e2rilor de Consiliu Local considerate nelegale, poate s\u0103 fac\u0103 doar sesizare prefectului. Primarul poate sesiza prefectul pentru c\u0103 el e singura autoritate investit\u0103 de Guvern. El poate ataca \u00een 30 de zile \u00een contencios administrativ \u015fi instan\u0163a decide. Prefecutul a comunicat c\u0103 hot\u0103r\u00e2rile sunt legale\u201d, a continuat avocatul.<\/p>\n<p>Ap\u0103r\u0103torul a mai ar\u0103tat c\u0103 dincolo de faptul c\u0103 prefectul nu a sesizat instan\u0163a, legea contenciosului spune c\u0103 orice persoan\u0103 interesat\u0103 poate face acest lucru.<\/p>\n<p>&#8220;Nu \u015ftia Ministerul Turismului? Oricine putea s\u0103 atace. \u00cen ceea ce prive\u015fte v\u00e2nzarea Cazinoului, suntem departe de orice lege penal\u0103. De ani de zile se spune: plaj\u0103 \u015fi falez\u0103. Pentru aceast\u0103 acuza\u0163ie nu se poate cere dec\u00e2t achitarea\u201d, a continuat avocatul lui Maz\u0103re.<\/p>\n<p>Ap\u0103r\u0103torul a mai explicat acuza\u0163iile potrivit c\u0103rora Maz\u0103re ar fi retrocedat domeniul public al statului.<\/p>\n<p>\u201dAm vrut \u015fi noi s\u0103 vedem ce e cu zona costier\u0103. Nu a fost inventariat\u0103 p\u00e2n\u0103 \u00een 2004. Zona costier\u0103 nu exist\u0103. La nivel local, aceste autorit\u0103\u0163i au \u015ftiut. \u015ei consilierii au \u015ftiut ce voteaz\u0103. Toate aceste terenuri care, prin rechizitoriu, sunt considerate domeniul public al statului sunt de domeniu privat. Dac\u0103 to\u0163i spun c\u0103 e domeniul privat, trimit la prefect \u015fi prefectul nu atac\u0103 \u00een contencios, atunci despre ce nelegalitate vorbim? Apreciez c\u0103 acuza\u0163ia viz\u00e2nd domeniul privat al municipiului Constan\u0163a se \u00eencheie cu o hot\u0103r\u00e2re a Consiliului Local din 2011 care prelua toate terenurile la municipalitate f\u0103r\u0103 proprietar \u015fi le intabula. Tot ce s-a retrocedat apar\u0163inea domeniului privat. Patrimoniul municipiului a fost inventariat \u00een baza unor hot\u0103r\u00e2ri legale\u201d, a mai sus\u0163inut avocatul fostului primar.<\/p>\n<p>Primarul Radu Maz\u0103re a fost trimis \u00een judecat\u0103 de DNA \u00een 28 octombrie 2008, al\u0103turi de 36 de persoane, \u00eentre care fo\u015fti \u015fi actuali func\u0163ionari din Prim\u0103ria Constan\u0163a \u015fi Oficiul de Cadastru, mandatari \u015fi notari publici, \u00een dosarul privind atribuirea nelegal\u0103 a unor \u00eentinse suprafe\u0163e de teren intravilan din municipiul Constan\u0163a, Mamaia, plaj\u0103 \u015fi falez\u0103.\n<\/p><\/div>\n<p> Source URL: https:\/\/observatornews.ro\/politic\/lovitura-radu-mazare-aproape-de-achitare-in-dosarul-plajelor-retrocedate-decizia-ar-fi-fost-luata-in-baza-votului-consiliului-local-204942.html<\/p>\n","protected":false},"excerpt":{"rendered":"<p>Ap\u0103r\u0103torii lui Radu Maz\u0103re au cerut\u00a0achitarea fostului primar al municipiului Constan\u0163a \u00een dosarul plajelor retrocedate, pe motiv c\u0103 retroced\u0103rile s-au f\u0103cut \u00een baza votului dat de reprezentan\u0163ii Consiliului Local, iar Prefectura nu a avut obiec\u0163ii \u00een urma votului. Ap\u0103r\u0103torii lui Radu Maz\u0103re au cerut\u00a0achitarea fostului primar al municipiului Constan\u0163a \u00een dosarul plajelor retrocedate, pe motiv [&hellip;]<\/p>\n","protected":false},"author":1,"featured_media":0,"comment_status":"open","ping_status":"","sticky":false,"template":"","format":"standard","meta":{"footnotes":""},"categories":[2],"tags":[30],"class_list":["post-363603","post","type-post","status-publish","format-standard","hentry","category-politics","tag-observatornews-ro"],"_links":{"self":[{"href":"https:\/\/analyse.optim.biz\/index.php?rest_route=\/wp\/v2\/posts\/363603","targetHints":{"allow":["GET"]}}],"collection":[{"href":"https:\/\/analyse.optim.biz\/index.php?rest_route=\/wp\/v2\/posts"}],"about":[{"href":"https:\/\/analyse.optim.biz\/index.php?rest_route=\/wp\/v2\/types\/post"}],"author":[{"embeddable":true,"href":"https:\/\/analyse.optim.biz\/index.php?rest_route=\/wp\/v2\/users\/1"}],"replies":[{"embeddable":true,"href":"https:\/\/analyse.optim.biz\/index.php?rest_route=%2Fwp%2Fv2%2Fcomments&post=363603"}],"version-history":[{"count":0,"href":"https:\/\/analyse.optim.biz\/index.php?rest_route=\/wp\/v2\/posts\/363603\/revisions"}],"wp:attachment":[{"href":"https:\/\/analyse.optim.biz\/index.php?rest_route=%2Fwp%2Fv2%2Fmedia&parent=363603"}],"wp:term":[{"taxonomy":"category","embeddable":true,"href":"https:\/\/analyse.optim.biz\/index.php?rest_route=%2Fwp%2Fv2%2Fcategories&post=363603"},{"taxonomy":"post_tag","embeddable":true,"href":"https:\/\/analyse.optim.biz\/index.php?rest_route=%2Fwp%2Fv2%2Ftags&post=363603"}],"curies":[{"name":"wp","href":"https:\/\/api.w.org\/{rel}","templated":true}]}}