{"id":363602,"date":"2017-04-03T19:52:00","date_gmt":"2017-04-03T16:52:00","guid":{"rendered":"https:\/\/analyse.optim.biz\/?p=363602"},"modified":"2017-04-03T19:52:00","modified_gmt":"2017-04-03T16:52:00","slug":"declaratie-fara-precedent-a-ministrului-justitiei-scartaie-din-toate-incheieturile","status":"publish","type":"post","link":"https:\/\/analyse.optim.biz\/?p=363602","title":{"rendered":"Declara\u0163ie f\u0103r\u0103 precedent a ministrului Justi\u0163iei: &#8220;Sc\u00e2r\u0163\u00e2ie din toate \u00eencheieturile!&#8221;"},"content":{"rendered":"<div class=\"description\" data-key=\"description\">Ministrul Justi\u0163iei, Tudorel Toader, a declarat, luni sear\u0103, la Antena 3, c\u0103 sistemul judiciar sc\u00e2r\u0163\u00e2ie din toate \u00eencheieturile, exist\u00e2nd probleme la nivelul legisla\u0163iei, la nivel institu\u0163ional \u015fi la nivelul interpret\u0103rii \u015fi aplic\u0103rii legii.<\/div>\n<div class=\"articleBody\" data-key=\"articleBody\">Ministrul Justi\u0163iei, Tudorel Toader, a declarat, luni sear\u0103, la Antena 3, c\u0103 sistemul judiciar sc\u00e2r\u0163\u00e2ie din toate \u00eencheieturile, exist\u00e2nd probleme la nivelul legisla\u0163iei, la nivel institu\u0163ional \u015fi la nivelul interpret\u0103rii \u015fi aplic\u0103rii legii.<\/p>\n<p>&#8220;Din experien\u0163a mea de judec\u0103tor sau de ministru de o lun\u0103 \u015fi o s\u0103pt\u0103m\u00e2n\u0103, din p\u0103cate, \u015fi a\u015f vrea s\u0103 m\u0103 contrazic\u0103 cineva, dar eu am argumente \u015fi enum\u0103r acum, rapid &#8211; \u015fi pot s\u0103 vorbesc p\u00e2n\u0103 m\u00e2ine diminea\u0163\u0103 &#8211; din p\u0103cate sistemul judiciar de la noi, s\u0103 m\u0103 exprim foarte plastic, sc\u00e2r\u0163\u00e2ie din toate \u00eencheieturile. Cauza nu-i una singur\u0103. Avem probleme la nivelul legisla\u0163iei, avem probleme la nivel institu\u0163ional, avem probleme la nivelul interpret\u0103rii \u015fi aplic\u0103rii legii&#8221;, a spus Tudorel Toader.<\/p>\n<p>Ministrul Justi\u0163iei a explicat c\u0103 legisla\u0163ia este prea stufoas\u0103 \u015fi sufer\u0103, de multe ori, modific\u0103ri care nu se leag\u0103 \u00eentre ele.<\/p>\n<p>&#8220;Legisla\u0163ia noastr\u0103 e mult prea stufoas\u0103, mult prea bogat\u0103 &#8211; e o infla\u0163ie legslativ\u0103, asta este &#8211; \u00a0ea \u015fi-a pierdut din coeren\u0163a care se presupune c\u0103 ar fi avut-o, de\u015fi nu prea cred. De ce anume? Pentru c\u0103 ai o lege, a \u00cenv\u0103\u0163\u0103m\u00e2ntului, a Justi\u0163iei, legea aia a avut la momentul adopt\u0103rii ei o anumit\u0103 filozofie, o anumit\u0103 motivare, perspecitvp\u0103, un studiu de impact. Pe parcursul aplic\u0103rii ei, de cinci, 10, 15 ani de zile, \u00a0au venit diferite moidifc\u0103ri care nu se leag\u0103 \u00eentre ele, nu dau coeren\u0163\u0103, aproape uit\u0103m de unde am plecat, legea de azi nu mai seam\u0103n\u0103 cu filozofia legiuitorului de c\u00e2nd a adoptat-o&#8221;, a ad\u0103ugat Tudorel Toader.<\/p>\n<p>El a mai spus c\u0103 exist\u0103 uneori \u015fi un volum prea mare de munc\u0103 pentru magistra\u0163i.<\/p>\n<p>&#8220;Avem o \u00eenc\u0103rc\u0103tur\u0103 prea mare uneori de dosare pe magistra\u0163i, judec\u0103tori, procurori \u00een unele parchete \u015fi nu e echilibrul acela, propor\u0163ia aceea \u00eentre volumul de munc\u0103 necesar, apt s\u0103 rezolve cauzele \u015fi num\u0103rul de dosare. Noi avem \u00een Rom\u00e2nia vreo 34, sper s\u0103 nu gre\u015fesc, de instan\u0163e \u015fi parchete cu un singur judec\u0103tor \u015fi un singur procuror&#8221;, a declarat ministrul Justi\u0163iei.<\/p>\n<p>Toader a mai ar\u0103tat c\u0103 practica judiciar\u0103 nu este unitar\u0103 \u00een Rom\u00e2nia.<\/p>\n<p>&#8220;Avem o practic\u0103 judiciar\u0103 neunitar\u0103 pentru c\u0103 legea, a\u015fa cum e ea, de foarte multe ori, nu are cerin\u0163ele acelea pe care le spune \u015fi Constitu\u0163ia noastr\u0103, \u015fi contextul european, jurispruden\u0163a CEDO, de a fi previzibile, predictibile, clare&#8221;, a mai spus Tudorel Toader.\n<\/p><\/div>\n<p> Source URL: https:\/\/observatornews.ro\/politic\/declaratie-fara-precedent-a-ministrului-justitiei-scartaie-din-toate-incheieturile-204948.html<\/p>\n","protected":false},"excerpt":{"rendered":"<p>Ministrul Justi\u0163iei, Tudorel Toader, a declarat, luni sear\u0103, la Antena 3, c\u0103 sistemul judiciar sc\u00e2r\u0163\u00e2ie din toate \u00eencheieturile, exist\u00e2nd probleme la nivelul legisla\u0163iei, la nivel institu\u0163ional \u015fi la nivelul interpret\u0103rii \u015fi aplic\u0103rii legii. Ministrul Justi\u0163iei, Tudorel Toader, a declarat, luni sear\u0103, la Antena 3, c\u0103 sistemul judiciar sc\u00e2r\u0163\u00e2ie din toate \u00eencheieturile, exist\u00e2nd probleme la nivelul [&hellip;]<\/p>\n","protected":false},"author":1,"featured_media":0,"comment_status":"open","ping_status":"","sticky":false,"template":"","format":"standard","meta":{"footnotes":""},"categories":[2],"tags":[30],"class_list":["post-363602","post","type-post","status-publish","format-standard","hentry","category-politics","tag-observatornews-ro"],"_links":{"self":[{"href":"https:\/\/analyse.optim.biz\/index.php?rest_route=\/wp\/v2\/posts\/363602","targetHints":{"allow":["GET"]}}],"collection":[{"href":"https:\/\/analyse.optim.biz\/index.php?rest_route=\/wp\/v2\/posts"}],"about":[{"href":"https:\/\/analyse.optim.biz\/index.php?rest_route=\/wp\/v2\/types\/post"}],"author":[{"embeddable":true,"href":"https:\/\/analyse.optim.biz\/index.php?rest_route=\/wp\/v2\/users\/1"}],"replies":[{"embeddable":true,"href":"https:\/\/analyse.optim.biz\/index.php?rest_route=%2Fwp%2Fv2%2Fcomments&post=363602"}],"version-history":[{"count":0,"href":"https:\/\/analyse.optim.biz\/index.php?rest_route=\/wp\/v2\/posts\/363602\/revisions"}],"wp:attachment":[{"href":"https:\/\/analyse.optim.biz\/index.php?rest_route=%2Fwp%2Fv2%2Fmedia&parent=363602"}],"wp:term":[{"taxonomy":"category","embeddable":true,"href":"https:\/\/analyse.optim.biz\/index.php?rest_route=%2Fwp%2Fv2%2Fcategories&post=363602"},{"taxonomy":"post_tag","embeddable":true,"href":"https:\/\/analyse.optim.biz\/index.php?rest_route=%2Fwp%2Fv2%2Ftags&post=363602"}],"curies":[{"name":"wp","href":"https:\/\/api.w.org\/{rel}","templated":true}]}}