{"id":363455,"date":"2017-04-08T14:23:00","date_gmt":"2017-04-08T11:23:00","guid":{"rendered":"https:\/\/analyse.optim.biz\/?p=363455"},"modified":"2017-04-08T14:23:00","modified_gmt":"2017-04-08T11:23:00","slug":"decizie-grea-raluca-turcan-nu-s-a-hotarat-daca-sa-candideze-pentru-sefia-pnl","status":"publish","type":"post","link":"https:\/\/analyse.optim.biz\/?p=363455","title":{"rendered":"DECIZIE GREA! Raluca Turcan nu s-a hot\u0103r\u00e2t dac\u0103 s\u0103 candideze pentru \u015fefia PNL"},"content":{"rendered":"<div class=\"description\" data-key=\"description\">Pre\u015fedintele interimar al PNL, Raluca Turcan, a declarat c\u0103 nu s-a decis \u00eenc\u0103 dac\u0103 va candida pentru pre\u015fedin\u0163ia partidului.<\/div>\n<div class=\"articleBody\" data-key=\"articleBody\">Pre\u015fedintele interimar al PNL, Raluca Turcan, a declarat c\u0103 nu s-a decis \u00eenc\u0103 dac\u0103 va candida pentru pre\u015fedin\u0163ia partidului.<\/p>\n<p>\u00centrebat\u0103 de jurnali\u015fti dac\u0103 va candida pentru pre\u015fedin\u0163ia PNL, Raluca Turcan a r\u0103spuns: &#8216;Nu am luat \u00eenc\u0103 decizia&#8217;.<\/p>\n<p>&#8216;\u00cen mod normal, un candidat la pre\u015fedin\u0163ia partidului trebuie s\u0103 str\u00e2ng\u0103 \u00een jurul lui o majoritate format\u0103 dintr-o echip\u0103 de oameni dornici s\u0103 urmeze aceea\u015fi cale. Deocamdat\u0103 am str\u00e2ns echipa sibian\u0103&#8217;, a declarat Raluca Turcan, \u00eentrebat\u0103 ce ar trebui s\u0103 se \u00eent\u00e2mple pentru a se decide s\u0103 candideze pentru \u015fefia PNL.<\/p>\n<p>Raluca Turcan a fost reconfirmat\u0103 s\u00e2mb\u0103t\u0103 pre\u015fedinte al PNL Sibiu, func\u0163ie pentru care nu a avut niciun contracandidat. Turcan dore\u015fte ca exemplul Sibiului s\u0103 fie urmat \u015fi de alte organiza\u0163ii jude\u0163ene din \u0163ar\u0103. La Sibiu, PNL a c\u00e2\u015ftigat alegerile parlamentare \u015fi la cele locale a reu\u015fit s\u0103 ob\u0163in\u0103 pentru prima dat\u0103 \u015fefia Consiliului Jude\u0163ean, un num\u0103r de 32 de primari \u015fi 320 de consilieri locali.<\/p>\n<p>&#8216;\u00cen momentul de fa\u0163\u0103 \u00eemi doresc ca prin ceea ce am realizat la Sibiu s\u0103 pot s\u0103 multiplic \u00een organiza\u0163iile jude\u0163ene ale PNL, ca model de bun\u0103 practic\u0103 politic\u0103. \u015ei aceast\u0103 bun\u0103 practic\u0103 politic\u0103 are \u00een vedere oameni de calitate, solu\u0163ii \u00een interes public \u015fi foarte mult\u0103 implicare \u015fi munc\u0103 concret\u0103. Mi-a\u015f dori ca \u00een PNL s\u0103 se deta\u015feze aceast\u0103 variant\u0103 la conducerea PNL, care s\u0103 str\u00e2ng\u0103 oamenii care \u00ee\u015fi finalizeaz\u0103 ac\u0163iunile politice. Alegerile interne s\u0103 nu fie doar despre trecut \u015fi despre specularea unor emo\u0163ii pe care le-au tr\u0103it membrii PNL, prin rezultatul slab la alegeri, ci alegerile s\u0103 fie cu g\u00e2ndul la viitor. (&#8230;) Pentru asta ai nevoie de programe, de foarte mult\u0103 combativitate \u00een spa\u0163iul public, foarte mult\u0103 determinare s\u0103 fii al\u0103turi de oameni \u00eentr-un mod onest, pentru c\u0103 f\u0103\u0163\u0103rnicia se simte&#8217;, a mai spus Turcan.<\/p>\n<p>La alegerile interne care au loc \u00een aceast\u0103 perioad\u0103 \u00een PNL, &#8216;conteaz\u0103 foarte mult c\u00e2\u0163i oameni buni vor reu\u015fi s\u0103 ajung\u0103 la decizie&#8217;, a afirmat Raluca Turcan.<\/p>\n<p>Sursa: Agerpres\n<\/p><\/div>\n<p> Source URL: https:\/\/observatornews.ro\/politic\/decizie-grea-raluca-turcan-nu-sa-hotarat-daca-sa-candideze-pentru-sefia-pnl-205559.html<\/p>\n","protected":false},"excerpt":{"rendered":"<p>Pre\u015fedintele interimar al PNL, Raluca Turcan, a declarat c\u0103 nu s-a decis \u00eenc\u0103 dac\u0103 va candida pentru pre\u015fedin\u0163ia partidului. Pre\u015fedintele interimar al PNL, Raluca Turcan, a declarat c\u0103 nu s-a decis \u00eenc\u0103 dac\u0103 va candida pentru pre\u015fedin\u0163ia partidului. \u00centrebat\u0103 de jurnali\u015fti dac\u0103 va candida pentru pre\u015fedin\u0163ia PNL, Raluca Turcan a r\u0103spuns: &#8216;Nu am luat \u00eenc\u0103 [&hellip;]<\/p>\n","protected":false},"author":1,"featured_media":363456,"comment_status":"open","ping_status":"","sticky":false,"template":"","format":"standard","meta":{"footnotes":""},"categories":[2],"tags":[30],"class_list":["post-363455","post","type-post","status-publish","format-standard","has-post-thumbnail","hentry","category-politics","tag-observatornews-ro"],"_links":{"self":[{"href":"https:\/\/analyse.optim.biz\/index.php?rest_route=\/wp\/v2\/posts\/363455","targetHints":{"allow":["GET"]}}],"collection":[{"href":"https:\/\/analyse.optim.biz\/index.php?rest_route=\/wp\/v2\/posts"}],"about":[{"href":"https:\/\/analyse.optim.biz\/index.php?rest_route=\/wp\/v2\/types\/post"}],"author":[{"embeddable":true,"href":"https:\/\/analyse.optim.biz\/index.php?rest_route=\/wp\/v2\/users\/1"}],"replies":[{"embeddable":true,"href":"https:\/\/analyse.optim.biz\/index.php?rest_route=%2Fwp%2Fv2%2Fcomments&post=363455"}],"version-history":[{"count":0,"href":"https:\/\/analyse.optim.biz\/index.php?rest_route=\/wp\/v2\/posts\/363455\/revisions"}],"wp:featuredmedia":[{"embeddable":true,"href":"https:\/\/analyse.optim.biz\/index.php?rest_route=\/wp\/v2\/media\/363456"}],"wp:attachment":[{"href":"https:\/\/analyse.optim.biz\/index.php?rest_route=%2Fwp%2Fv2%2Fmedia&parent=363455"}],"wp:term":[{"taxonomy":"category","embeddable":true,"href":"https:\/\/analyse.optim.biz\/index.php?rest_route=%2Fwp%2Fv2%2Fcategories&post=363455"},{"taxonomy":"post_tag","embeddable":true,"href":"https:\/\/analyse.optim.biz\/index.php?rest_route=%2Fwp%2Fv2%2Ftags&post=363455"}],"curies":[{"name":"wp","href":"https:\/\/api.w.org\/{rel}","templated":true}]}}