{"id":363453,"date":"2017-04-08T19:40:00","date_gmt":"2017-04-08T16:40:00","guid":{"rendered":"https:\/\/analyse.optim.biz\/?p=363453"},"modified":"2017-04-08T19:40:00","modified_gmt":"2017-04-08T16:40:00","slug":"tariceanu-atac-dur-la-adresa-fostului-premier-ciolos-pe-facebook-vrea-sa-vanda-o-iluzie-romanilor","status":"publish","type":"post","link":"https:\/\/analyse.optim.biz\/?p=363453","title":{"rendered":"T\u0103riceanu, ATAC DUR la adresa fostului premier Ciolo\u015f pe Facebook: &#8220;vrea s\u0103 v\u00e2nd\u0103 o iluzie rom\u00e2nilor&#8221;"},"content":{"rendered":"<div class=\"description\" data-key=\"description\">Pre\u015fedintele Senatului, C\u0103lin Popescu T\u0103riceanu, a declarat s\u00e2mb\u0103t\u0103 sear\u0103 pe Facebook, dup\u0103 ce fostul premier Dacian Ciolo\u015f a afirmat despre el c\u0103 \u201dse duce la Bruxelles s\u0103 se plang\u0103 de a\u015fa-zise derapaje ale justi\u0163iei\u201d, c\u0103 \u201dunii oameni politici ac\u0163ioneaz\u0103 din convingerea c\u0103 este mai bine s\u0103 fii slug\u0103 la un st\u0103p\u00e2n generos, dec\u00e2t s\u0103 stai pe propriile picioare\u201d, Ciolo\u015f dorind \u201ds\u0103 v\u00e2nd\u0103\u201d rom\u00e2nilor iluzia \u201ec\u0103 dac\u0103 aplaud\u0103m deciziile luate de la Bruxelles, vom primi un loc mai \u00een fa\u0163\u0103\u201d.<\/div>\n<div class=\"articleBody\" data-key=\"articleBody\">Pre\u015fedintele Senatului, C\u0103lin Popescu T\u0103riceanu, a declarat s\u00e2mb\u0103t\u0103 sear\u0103 pe Facebook, dup\u0103 ce fostul premier Dacian Ciolo\u015f a afirmat despre el c\u0103 \u201dse duce la Bruxelles s\u0103 se plang\u0103 de a\u015fa-zise derapaje ale justi\u0163iei\u201d, c\u0103 \u201dunii oameni politici ac\u0163ioneaz\u0103 din convingerea c\u0103 este mai bine s\u0103 fii slug\u0103 la un st\u0103p\u00e2n generos, dec\u00e2t s\u0103 stai pe propriile picioare\u201d, Ciolo\u015f dorind \u201ds\u0103 v\u00e2nd\u0103\u201d rom\u00e2nilor iluzia \u201ec\u0103 dac\u0103 aplaud\u0103m deciziile luate de la Bruxelles, vom primi un loc mai \u00een fa\u0163\u0103\u201d.<\/p>\n<p>\u201dAm constatat cu surprindere criticile aduse \u00een aceste zile de fostul premier tehnocrat Dacian Ciolo\u015f \u015fi cred c\u0103 merit\u0103 s\u0103 primeasc\u0103 o replic\u0103. Nu este o replic\u0103 personal\u0103, pentru c\u0103 nu vreau s\u0103 \u00eei atribui domnului Ciolo\u015f o mai mare importan\u0163\u0103 dec\u00e2t are \u00een realitate. Dacian Ciolo\u015f este reprezentantul unui curent \u00een politica rom\u00e2neasc\u0103 care spune c\u0103 Rom\u00e2nia ar trebui s\u0103 fie mul\u0163umit\u0103 cu pozi\u0163ia de stat colonie \u00een Uniunea European\u0103. Sunt oameni politici care merg \u00een capitalele europene cu aceea\u015fi g\u00e2ndire de acum 250 de ani: &lt;&lt;capul plecat, sabia nu \u00eel taie&gt;&gt;\u201d a scris T\u0103riceanu pe Facebook.<\/p>\n<p>Liderul Senatului consider\u0103 c\u0103 \u201dunii din ace\u015fti oameni politici ac\u0163ioneaz\u0103 din convingerea c\u0103 este mai bine s\u0103 fii slug\u0103 la un st\u0103p\u00e2n generos, dec\u00e2t s\u0103 stai pe propriile picioare\u201d.<\/p>\n<p>\u201dAl\u0163ii s-au obi\u015fnuit at\u00e2t de mult cu statutul de func\u0163ionar de lux, pl\u0103ti\u0163i cu salarii de CEO de companie privat\u0103, \u00eenc\u00e2t nici nu \u00ee\u015fi pun problema s\u0103 nu fie de acord cu angajatorul\u201d, a precizat T\u0103riceanu.<\/p>\n<p>Totodat\u0103, T\u0103riceanu a afirmat c\u0103 Uniunea European\u0103 pe care crede c\u0103 fiecare rom\u00e2n \u015fi-o dore\u015fte, poate fi realizat\u0103 doar dac\u0103 interesele Rom\u00e2niei sunt sus\u0163inute la Bruxelles \u015fi \u201dnu accept\u0103m statutul de valet\u201d.<\/p>\n<p>\u201dOameni politici ca Dacian Ciolo\u015f vor s\u0103 v\u00e2nd\u0103 o iluzie pu\u0163inilor rom\u00e2ni care \u00eei mai cred. Iluzia c\u0103 dac\u0103 st\u0103m cumin\u0163i \u015fi nu deranj\u0103m, vom primi ce ni se cuvine. Iluzia c\u0103 dac\u0103 ne \u0163inem gura c\u00e2nd drepturile \u015fi libert\u0103\u0163ile cet\u0103\u0163enilor sunt \u00eenc\u0103lcate, vom fi considera\u0163i \u201ede partea binelui\u201d. Iluzia c\u0103 dac\u0103 aplaud\u0103m toate deciziile luate de liderii de ast\u0103zi de la Bruxelles, vom primi un loc mai \u00een fa\u0163\u0103\u201d, a ar\u0103tat T\u0103riceanu.<\/p>\n<p>\u015eeful Senatului a \u0163inut s\u0103 aublinieze c\u0103 deciziile \u00een Uniunea European\u0103 sunt luate \u00een urma unor negocieri dure, \u00een care fiecare stat trebuie s\u0103 ac\u0163ioneze energic pentru a \u00ee\u015fi proteja interesele, lucru \u015ftiut \u015fi de c\u0103tre Ciolo\u015f.<\/p>\n<p>\u201dNu o face, atunci are de pierdut. Fapt \u00een\u0163eles de state precum Polonia, dar pe care oameni ca premierul Dacian Ciolo\u015f nu \u00eel aplic\u0103\u201d, a mai spus T\u0103riceanu.<\/p>\n<p>El a amintit c\u0103 luni merge la Bruxelles unde se va \u00eent\u00e2lni cu pre\u015fedintele Comisiei Europene, Jean-Claude Juncker, \u015fi cu Vera Jourova, comisarul european pentru justi\u0163ie.<\/p>\n<p>Fostul premier Dacian Ciolo\u015f a afirmat, vineri, c\u0103 declara\u0163ia sa privind \u015fansele Rom\u00e2niei de a intra \u00een spa\u0163iul Schengen \u00een 2017 ar fi fost mai mari dac\u0103 nu ar fi fost OUG 13 se bazeaz\u0103 pe discu\u0163ii avute anul trecut cu lideri ai statelor membre, preciz\u00e2nd c\u0103 presedintele Senatului, Calin Popescu T\u0103riceanu, care a apreciat declara\u0163ia sa ca fiind &#8220;o inven\u0163ie&#8221; \u015fi o afirma\u0163ie &#8220;pur politicianist\u0103&#8221; vrea ca rom\u00e2nii s\u0103 cread\u0103 c\u0103 suntem \u201doropsi\u0163ii Europei\u201d.<\/p>\n<p>Sursa: News.ro\n<\/p><\/div>\n<p> Source URL: https:\/\/observatornews.ro\/politic\/tariceanu-atac-dur-la-adresa-fostului-premier-ciolos-pe-facebook-vrea-sa-vanda-o-iluzie-romanilor-205590.html<\/p>\n","protected":false},"excerpt":{"rendered":"<p>Pre\u015fedintele Senatului, C\u0103lin Popescu T\u0103riceanu, a declarat s\u00e2mb\u0103t\u0103 sear\u0103 pe Facebook, dup\u0103 ce fostul premier Dacian Ciolo\u015f a afirmat despre el c\u0103 \u201dse duce la Bruxelles s\u0103 se plang\u0103 de a\u015fa-zise derapaje ale justi\u0163iei\u201d, c\u0103 \u201dunii oameni politici ac\u0163ioneaz\u0103 din convingerea c\u0103 este mai bine s\u0103 fii slug\u0103 la un st\u0103p\u00e2n generos, dec\u00e2t s\u0103 stai [&hellip;]<\/p>\n","protected":false},"author":1,"featured_media":363454,"comment_status":"open","ping_status":"","sticky":false,"template":"","format":"standard","meta":{"footnotes":""},"categories":[2],"tags":[30],"class_list":["post-363453","post","type-post","status-publish","format-standard","has-post-thumbnail","hentry","category-politics","tag-observatornews-ro"],"_links":{"self":[{"href":"https:\/\/analyse.optim.biz\/index.php?rest_route=\/wp\/v2\/posts\/363453","targetHints":{"allow":["GET"]}}],"collection":[{"href":"https:\/\/analyse.optim.biz\/index.php?rest_route=\/wp\/v2\/posts"}],"about":[{"href":"https:\/\/analyse.optim.biz\/index.php?rest_route=\/wp\/v2\/types\/post"}],"author":[{"embeddable":true,"href":"https:\/\/analyse.optim.biz\/index.php?rest_route=\/wp\/v2\/users\/1"}],"replies":[{"embeddable":true,"href":"https:\/\/analyse.optim.biz\/index.php?rest_route=%2Fwp%2Fv2%2Fcomments&post=363453"}],"version-history":[{"count":0,"href":"https:\/\/analyse.optim.biz\/index.php?rest_route=\/wp\/v2\/posts\/363453\/revisions"}],"wp:featuredmedia":[{"embeddable":true,"href":"https:\/\/analyse.optim.biz\/index.php?rest_route=\/wp\/v2\/media\/363454"}],"wp:attachment":[{"href":"https:\/\/analyse.optim.biz\/index.php?rest_route=%2Fwp%2Fv2%2Fmedia&parent=363453"}],"wp:term":[{"taxonomy":"category","embeddable":true,"href":"https:\/\/analyse.optim.biz\/index.php?rest_route=%2Fwp%2Fv2%2Fcategories&post=363453"},{"taxonomy":"post_tag","embeddable":true,"href":"https:\/\/analyse.optim.biz\/index.php?rest_route=%2Fwp%2Fv2%2Ftags&post=363453"}],"curies":[{"name":"wp","href":"https:\/\/api.w.org\/{rel}","templated":true}]}}