{"id":363451,"date":"2017-04-09T11:02:00","date_gmt":"2017-04-09T08:02:00","guid":{"rendered":"https:\/\/analyse.optim.biz\/?p=363451"},"modified":"2017-04-09T11:02:00","modified_gmt":"2017-04-09T08:02:00","slug":"veste-soc-pentru-traian-basescu-fostul-presedinte-al-romaniei-va-ajunge-maine-in-fata-procurorilor-video","status":"publish","type":"post","link":"https:\/\/analyse.optim.biz\/?p=363451","title":{"rendered":"VESTE \u015eOC pentru Traian B\u0103sescu: Fostul pre\u015fedinte al Rom\u00e2niei va ajunge m\u00e2ine \u00een fa\u0163a procurorilor (VIDEO)"},"content":{"rendered":"<div class=\"description\" data-key=\"description\">Fostul pre\u0219edinte Traian B\u0103sescu va fi audit luni, \u00eentr-un nou dosar pe care procurorii au decis s\u0103-l redeschid\u0103.<\/div>\n<div class=\"articleBody\" data-key=\"articleBody\">Fostul pre\u0219edinte Traian B\u0103sescu va fi audit luni, \u00eentr-un nou dosar pe care procurorii au decis s\u0103-l redeschid\u0103.<\/p>\n<p>Traian B\u0103sescu a confirmat informa\u021bia, dar nu a dorit s\u0103 dea mai multe detalii despre ce dosar este vorba, scrie antena3.ro.<\/p>\n<p>Surse judiciare spun c\u0103 Traian B\u0103sescu va fi chemat la audieri \u00eentr-un dosar\u00a0redeschis \u00een 2015 de Parchetul General.<\/p>\n<p>Potrivit unor surse din pres\u0103, ar putea fi luat \u00een calcul dosarul Flota.\n<\/p><\/div>\n<p> Source URL: https:\/\/observatornews.ro\/politic\/veste-soc-pentru-traian-basescu-fostul-presedinte-al-romaniei-va-ajunge-maine-in-fata-procurorilorvideo-205632.html<\/p>\n","protected":false},"excerpt":{"rendered":"<p>Fostul pre\u0219edinte Traian B\u0103sescu va fi audit luni, \u00eentr-un nou dosar pe care procurorii au decis s\u0103-l redeschid\u0103. Fostul pre\u0219edinte Traian B\u0103sescu va fi audit luni, \u00eentr-un nou dosar pe care procurorii au decis s\u0103-l redeschid\u0103. Traian B\u0103sescu a confirmat informa\u021bia, dar nu a dorit s\u0103 dea mai multe detalii despre ce dosar este vorba, [&hellip;]<\/p>\n","protected":false},"author":1,"featured_media":363452,"comment_status":"open","ping_status":"","sticky":false,"template":"","format":"standard","meta":{"footnotes":""},"categories":[2],"tags":[30],"class_list":["post-363451","post","type-post","status-publish","format-standard","has-post-thumbnail","hentry","category-politics","tag-observatornews-ro"],"_links":{"self":[{"href":"https:\/\/analyse.optim.biz\/index.php?rest_route=\/wp\/v2\/posts\/363451","targetHints":{"allow":["GET"]}}],"collection":[{"href":"https:\/\/analyse.optim.biz\/index.php?rest_route=\/wp\/v2\/posts"}],"about":[{"href":"https:\/\/analyse.optim.biz\/index.php?rest_route=\/wp\/v2\/types\/post"}],"author":[{"embeddable":true,"href":"https:\/\/analyse.optim.biz\/index.php?rest_route=\/wp\/v2\/users\/1"}],"replies":[{"embeddable":true,"href":"https:\/\/analyse.optim.biz\/index.php?rest_route=%2Fwp%2Fv2%2Fcomments&post=363451"}],"version-history":[{"count":0,"href":"https:\/\/analyse.optim.biz\/index.php?rest_route=\/wp\/v2\/posts\/363451\/revisions"}],"wp:featuredmedia":[{"embeddable":true,"href":"https:\/\/analyse.optim.biz\/index.php?rest_route=\/wp\/v2\/media\/363452"}],"wp:attachment":[{"href":"https:\/\/analyse.optim.biz\/index.php?rest_route=%2Fwp%2Fv2%2Fmedia&parent=363451"}],"wp:term":[{"taxonomy":"category","embeddable":true,"href":"https:\/\/analyse.optim.biz\/index.php?rest_route=%2Fwp%2Fv2%2Fcategories&post=363451"},{"taxonomy":"post_tag","embeddable":true,"href":"https:\/\/analyse.optim.biz\/index.php?rest_route=%2Fwp%2Fv2%2Ftags&post=363451"}],"curies":[{"name":"wp","href":"https:\/\/api.w.org\/{rel}","templated":true}]}}