{"id":363405,"date":"2017-04-10T09:17:00","date_gmt":"2017-04-10T06:17:00","guid":{"rendered":"https:\/\/analyse.optim.biz\/?p=363405"},"modified":"2017-04-10T09:17:00","modified_gmt":"2017-04-10T06:17:00","slug":"fostul-senator-dan-sova-raspunde-dupa-scandalul-de-la-directia-de-permise-am-intrat-si-m-am-dus-la-un-ghiseu-gol","status":"publish","type":"post","link":"https:\/\/analyse.optim.biz\/?p=363405","title":{"rendered":"Fostul senator Dan \u015eova r\u0103spunde dup\u0103 scandalul de la Direc\u0163ia de Permise: &#8220;Am intrat \u015fi m-am dus la un ghi\u015feu gol&#8221;"},"content":{"rendered":"<div class=\"description\" data-key=\"description\">Fostul senator Dan \u015eova a declarat luni c\u0103 nu a fost ajutat s\u0103 \u00ee\u015fi schimbe permisul de conducere f\u0103r\u0103 s\u0103 stea la r\u00e2nd, pentru c\u0103 el avea dosarul depus cu o s\u0103pt\u0103m\u00e2n\u0103 \u00eenainte la Direc\u0163ia Permise de Conducere \u015fi a mers la un ghi\u015feu gol, sus\u0163in\u00e2nd c\u0103 cel care a scris c\u0103 nu a stat la coad\u0103 ar trebui s\u0103 pun\u0103 o poz\u0103 cu persoana \u00een fa\u0163a c\u0103reia s-a b\u0103gat.<\/div>\n<div class=\"articleBody\" data-key=\"articleBody\">Fostul senator Dan \u015eova a declarat luni c\u0103 nu a fost ajutat s\u0103 \u00ee\u015fi schimbe permisul de conducere f\u0103r\u0103 s\u0103 stea la r\u00e2nd, pentru c\u0103 el avea dosarul depus cu o s\u0103pt\u0103m\u00e2n\u0103 \u00eenainte la Direc\u0163ia Permise de Conducere \u015fi a mers la un ghi\u015feu gol, sus\u0163in\u00e2nd c\u0103 cel care a scris c\u0103 nu a stat la coad\u0103 ar trebui s\u0103 pun\u0103 o poz\u0103 cu persoana \u00een fa\u0163a c\u0103reia s-a b\u0103gat.<\/p>\n<p>\u00centrebat, la instan\u0163a suprem\u0103, unde a venit pentru o contesta\u0163ie, ce p\u0103rere are despre faptul c\u0103 doi angaja\u0163i de la Direc\u0163ia Permise sunt cerceta\u0163i disciplinar pentru c\u0103 l-ar fi ajutat s\u0103 \u00ee\u015fi schimbe permisul de conducere f\u0103r\u0103 s\u0103 stea la r\u00e2nd, Dan \u015eova a spus: \u201eEu mi-am f\u0103cut dosarul cu o s\u0103pt\u0103m\u00e2n\u0103 \u00eenainte. Am intrat pe u\u015fa principala \u015fi m-am dus la un ghi\u015feu la care nu se afla nici m\u0103car o persoan\u0103, un ghi\u015feu gol. Cel care a scris, s\u0103 pun\u0103 o poz\u0103 cu persoana \u00een fa\u0163a c\u0103reia m-am b\u0103gat\u201d.<\/p>\n<p>Direc\u0163ia Regim Permise de Conducere \u015fi \u00cenmatriculare a Vehiculelor a anun\u0163at, \u00een 7 aprilie, c\u0103 doi lucr\u0103tori de la Serviciul Public Comunitar Regim Permise de Conducere \u015fi \u00cenmatriculare a Vehiculelor Ilfov, respectiv Direc\u0163ia Regim Permise de Conducere \u015fi \u00cenmatriculare a Vehiculelor &#8220;ar fi facilitat efectuarea unei opera\u0163iuni de preschimbare a permisului de conducere al unei persoane\u201d, situa\u0163ie care nu a fost cunoscut\u0103 de nicio persoan\u0103 cu func\u0163ie de conducere din institu\u0163ie.<\/p>\n<p>&#8220;Av\u00e2nd \u00een vedere aceste aspecte, a fost declan\u015fat\u0103\u00a0procedura de cercetare disciplinar\u0103, care va stabili existen\u0163a sau inexisten\u0163a unei abateri disciplinare \u015fi aplicarea, dup\u0103 caz, a sanc\u0163iunilor, conform prevederilor legale\u201d, au precizat reprezentan\u0163ii Direc\u0163iei Regim Permise de Conducere \u015fi \u00cenmatriculare a Vehiculelor.<\/p>\n<p>Fostul senator Dan \u015eova a fost surprins de deputatul USR Cornel Zainea, care a scris \u00een 6 aprilie, pe pagina sa de Facebook: &#8220;\u00cel mai \u0163ine\u0163i minte pe Dan \u015eova?\u00a0 Fost ministru, senator miruit etc? A r\u0103mas un VIP care nu st\u0103 la cozi, 10 minute gen\u201d.<\/p>\n<p>\u201cEste o zi normal\u0103 de joi \u00een care merg s\u0103-mi schimb permisul auto ce va expira \u00een aceast\u0103 lun\u0103. Pare destul de aerisit; semn bun \u00eemi zic, dup\u0103 scandalul cu T\u0103riceanu, cei de la Poli\u0163ie au luat m\u0103surile necesare pentru a fluidiza cererile. Dup\u0103 ce pl\u0103tesc taxa la un ghi\u015feu unde sunt lipite zeci de foi printate pe un perete, iau un bon de ordine \u015fi m\u0103 a\u015fez la coad\u0103. Aveam 5 persoane \u00een fa\u0163\u0103, 2 ghi\u015fee erau func\u0163ionale. A\u015fadar un timp de a\u015fteptare foarte mic. Deodat\u0103 surprind o scen\u0103 care \u00eemi taie r\u0103suflarea: un domn care presupun c\u0103 e un angajat la DRCPIV \u00eel bag\u0103 scurt \u00een fa\u0163\u0103 pe cineva venit de cur\u00e2nd. \u00cencerc s\u0103 \u00eemi amintesc fa\u0163a teribil de cunoscut\u0103 a VIP-ului, apoi dintr-o dat\u0103 m\u0103 luminez: Dan \u015eova, chiar el!\u201d, a ar\u0103tat Zainea.<\/p>\n<p>Deputatul a precizat c\u0103 l-a urm\u0103rit spre ie\u015firea din cl\u0103dire pe Dan \u015eova \u015fi l-a v\u0103zut mul\u0163umindu-i cu o str\u00e2ngere de m\u00e2n\u0103 \u201c\u00abpilei\u00bb care l-a ajutat s\u0103 nu-\u015fi iroseasc\u0103 7 minute din via\u0163\u0103 st\u00e2nd la r\u00e2nd ca o persoan\u0103 normal\u0103\u201d.\u00a0<\/p>\n<p>Acest incident are loc la \u015fapte luni dup\u0103 ce trei ofi\u0163eri ai Serviciului Public Comunitar Regim Permise de Conducere \u015fi \u00cenmatricularea Vehiculelor Bucure\u015fti au fost cerceta\u0163i administrativ pentru c\u0103 au permis intrarea pre\u015fedintelui Senatului, C\u0103lin Popescu T\u0103riceanu, prin curtea interioar\u0103 a cl\u0103dirii, ocolind coada, pentru a-\u015fi preschimba permisul auto. Un al patrulea ofi\u0163er de la acest serviciu \u015fi-a depus atunci dosarul de pensionare, ca urmare a acestei situa\u0163ii.<\/p>\n<p>C\u0103lin Popescu T\u0103riceanu a fost filmat de News.ro pe 11 august 2016, c\u00e2nd s-a dus s\u0103-\u015fi re\u00eennoiasc\u0103 permisul de conducere ocolind coada de la Serviciul Public Comunitar Regim Permise de Conducere \u015fi \u00cenmatricularea Vehiculelor\u00a0Bucure\u015fti pe o u\u015f\u0103 din curtea interioar\u0103. Acolo a fost a\u015fteptat de reprezentan\u0163i ai institu\u0163iei, care l-au condus \u00een cl\u0103dire \u015fi i-au f\u0103cut procedurile pentru eliberarea documentului. \u00cen tot acest timp, \u00een care T\u0103riceanu a completat documentele \u015fi a f\u0103cut fotografia pentru noul permis, publicul nu a avut permisiunea s\u0103 intre \u00een cl\u0103dire de\u015fi \u00eencepuse programul oficial de lucru cu publicul.<\/p>\n<p>El a sus\u0163inut atunci c\u0103 oamenii cu func\u0163ii importante trebuie s\u0103 se dedice problemelor societ\u0103\u0163ii, nu statului la coad\u0103.<\/p>\n<p>Sursa: News.ro\n<\/p><\/div>\n<p> Source URL: https:\/\/observatornews.ro\/politic\/fostul-senator-dan-sova-raspunde-dupa-scandalul-de-la-directia-de-permise-am-intrat-si-mam-dus-la-un-ghiseu-gol-205718.html<\/p>\n","protected":false},"excerpt":{"rendered":"<p>Fostul senator Dan \u015eova a declarat luni c\u0103 nu a fost ajutat s\u0103 \u00ee\u015fi schimbe permisul de conducere f\u0103r\u0103 s\u0103 stea la r\u00e2nd, pentru c\u0103 el avea dosarul depus cu o s\u0103pt\u0103m\u00e2n\u0103 \u00eenainte la Direc\u0163ia Permise de Conducere \u015fi a mers la un ghi\u015feu gol, sus\u0163in\u00e2nd c\u0103 cel care a scris c\u0103 nu a stat [&hellip;]<\/p>\n","protected":false},"author":1,"featured_media":363406,"comment_status":"open","ping_status":"","sticky":false,"template":"","format":"standard","meta":{"footnotes":""},"categories":[2],"tags":[30],"class_list":["post-363405","post","type-post","status-publish","format-standard","has-post-thumbnail","hentry","category-politics","tag-observatornews-ro"],"_links":{"self":[{"href":"https:\/\/analyse.optim.biz\/index.php?rest_route=\/wp\/v2\/posts\/363405","targetHints":{"allow":["GET"]}}],"collection":[{"href":"https:\/\/analyse.optim.biz\/index.php?rest_route=\/wp\/v2\/posts"}],"about":[{"href":"https:\/\/analyse.optim.biz\/index.php?rest_route=\/wp\/v2\/types\/post"}],"author":[{"embeddable":true,"href":"https:\/\/analyse.optim.biz\/index.php?rest_route=\/wp\/v2\/users\/1"}],"replies":[{"embeddable":true,"href":"https:\/\/analyse.optim.biz\/index.php?rest_route=%2Fwp%2Fv2%2Fcomments&post=363405"}],"version-history":[{"count":0,"href":"https:\/\/analyse.optim.biz\/index.php?rest_route=\/wp\/v2\/posts\/363405\/revisions"}],"wp:featuredmedia":[{"embeddable":true,"href":"https:\/\/analyse.optim.biz\/index.php?rest_route=\/wp\/v2\/media\/363406"}],"wp:attachment":[{"href":"https:\/\/analyse.optim.biz\/index.php?rest_route=%2Fwp%2Fv2%2Fmedia&parent=363405"}],"wp:term":[{"taxonomy":"category","embeddable":true,"href":"https:\/\/analyse.optim.biz\/index.php?rest_route=%2Fwp%2Fv2%2Fcategories&post=363405"},{"taxonomy":"post_tag","embeddable":true,"href":"https:\/\/analyse.optim.biz\/index.php?rest_route=%2Fwp%2Fv2%2Ftags&post=363405"}],"curies":[{"name":"wp","href":"https:\/\/api.w.org\/{rel}","templated":true}]}}