{"id":363401,"date":"2017-04-10T12:37:00","date_gmt":"2017-04-10T09:37:00","guid":{"rendered":"https:\/\/analyse.optim.biz\/?p=363401"},"modified":"2017-04-10T12:37:00","modified_gmt":"2017-04-10T09:37:00","slug":"psd-amana-proiectul-legii-salarizarii-unitare-care-este-explicatia-lui-liviu-dragnea","status":"publish","type":"post","link":"https:\/\/analyse.optim.biz\/?p=363401","title":{"rendered":"PSD am\u00e2n\u0103 proiectul legii salariz\u0103rii unitare! Care este explica\u0163ia lui Liviu DRAGNEA"},"content":{"rendered":"<div class=\"description\" data-key=\"description\">Pre\u015fedintele PSD, Liviu Dragnea, a declarat, luni, la \u00eenceputul \u015fedin\u0163ei grupurilor reunite PSD-ALDE, c\u0103 proiectul legii salariz\u0103rii unitare nu va mai fi depus la Parlament \u00een cursul acestei zile, deoarece dore\u015fte s\u0103 fie consultat de to\u0163i parlamentarii \u015fi \u201es\u0103-\u015fi mai dea lumea cu p\u0103rerea\u201d, potrivit News.ro<\/div>\n<div class=\"articleBody\" data-key=\"articleBody\">Pre\u015fedintele PSD, Liviu Dragnea, a declarat, luni, la \u00eenceputul \u015fedin\u0163ei grupurilor reunite PSD-ALDE, c\u0103 proiectul legii salariz\u0103rii unitare nu va mai fi depus la Parlament \u00een cursul acestei zile, deoarece dore\u015fte s\u0103 fie consultat de to\u0163i parlamentarii \u015fi \u201es\u0103-\u015fi mai dea lumea cu p\u0103rerea\u201d, potrivit News.ro<\/p>\n<p>\u201eNu, eu nu vreau s\u0103 \u00eel depun\u0103 azi. S\u0103 mai stea o s\u0103pt\u0103m\u00e2n\u0103, s\u0103 mearg\u0103 la grupuri, public\u0103m \u015fi \u00een pres\u0103, s\u0103-\u015fi mai dea lumea cu p\u0103rerea\u201d, a precizat Liviu Dragnea, \u00eentrebat dac\u0103 proiectul legii salariz\u0103rii unitare va fi depus la Parlament \u00een cursul acestei zile.<\/p>\n<p>Ministrul Muncii, Lia Olgu\u0163a Vasilescu, a declarat, duminic\u0103 seara, la Antena 3, c\u0103 proiectul Legii salariz\u0103rii unitare \u00een sectorul public va fi depus luni la Parlament astfel \u00eenc\u00e2t to\u0163i parlamentarii PSD s\u0103-l poat\u0103 semna \u00een calitate de coini\u0163iatori. Vasilescu a precizat c\u0103 graficul adopt\u0103rii acestei legi ia \u00een calcul o eventual\u0103 cerere de reexaminare a pre\u015fedintelui Iohannis sau o sesizare a CCR, scopul fiind promulgarea legii \u00eenainte de 1 iulie.<\/p>\n<p>Lia Olgu\u0163a Vasilescu a precizat c\u0103 proiectul Legii salariz\u0103rii unitare nu a fost dat p\u00e2n\u0103 acum publicit\u0103\u0163ii pentru c\u0103 tot s-au f\u0103cut modific\u0103ri pe proiect, \u00eens\u0103 textul legii va intra luni \u00een parcursul legislativ.<\/p>\n<p>\u201dM\u00e2ine va fi semnat\u0103 de absolut to\u0163i parlamentarii, noi av\u00e2nd foarte multe semn\u0103turi deja, \u00een jur de 200. Colegii care nu au apucat s\u0103 o semneze vor avea m\u00e2ine o \u015fedin\u0163\u0103 unit\u0103 a grupurilor parlamentare ca s\u0103 mai prezent\u0103m o dat\u0103 principiile acestei legi pentru cine nu a fost la Sinaia \u015fi vom intra cu ea \u00een Parlament \u00eentr-o procedur\u0103 destul de rapid\u0103 de dezbatere a acestei legi\u201d, a declarat Vasilescu.<\/p>\n<p>Ea a precizat c\u0103 proiectul mai poate suferi amend\u0103ri, inclusiv din partea sindicatelor.<\/p>\n<p>\u201dNu dorim s\u0103 spunem c\u0103 nu vom accepta amendamente din partea opozi\u0163iei, chiar \u015fi a sindicatelor, a oamenilor simpli care vor avea ocazia s\u0103 vad\u0103 aceast\u0103 lege \u00eencep\u00e2nd de m\u00e2ine \u015fi, dac\u0103 vor sim\u0163i nevoia s\u0103 ne semnaleze vreo gre\u015feal\u0103, suntem dispu\u015fi ca \u00een Parlament s\u0103 corect\u0103m aceste lucruri pentru c\u0103 legea nu este perfect\u0103, dar \u00eencerc\u0103m s\u0103 avem cea mai corect\u0103 variant\u0103 posibil\u0103\u201d, a spus ministrul Muncii.\n<\/p><\/div>\n<p> Source URL: https:\/\/observatornews.ro\/politic\/psd-amana-proiectul-legii-salarizarii-unitare-care-este-explicatia-lui-liviu-dragnea-205746.html<\/p>\n","protected":false},"excerpt":{"rendered":"<p>Pre\u015fedintele PSD, Liviu Dragnea, a declarat, luni, la \u00eenceputul \u015fedin\u0163ei grupurilor reunite PSD-ALDE, c\u0103 proiectul legii salariz\u0103rii unitare nu va mai fi depus la Parlament \u00een cursul acestei zile, deoarece dore\u015fte s\u0103 fie consultat de to\u0163i parlamentarii \u015fi \u201es\u0103-\u015fi mai dea lumea cu p\u0103rerea\u201d, potrivit News.ro Pre\u015fedintele PSD, Liviu Dragnea, a declarat, luni, la \u00eenceputul [&hellip;]<\/p>\n","protected":false},"author":1,"featured_media":363402,"comment_status":"open","ping_status":"","sticky":false,"template":"","format":"standard","meta":{"footnotes":""},"categories":[2],"tags":[30],"class_list":["post-363401","post","type-post","status-publish","format-standard","has-post-thumbnail","hentry","category-politics","tag-observatornews-ro"],"_links":{"self":[{"href":"https:\/\/analyse.optim.biz\/index.php?rest_route=\/wp\/v2\/posts\/363401","targetHints":{"allow":["GET"]}}],"collection":[{"href":"https:\/\/analyse.optim.biz\/index.php?rest_route=\/wp\/v2\/posts"}],"about":[{"href":"https:\/\/analyse.optim.biz\/index.php?rest_route=\/wp\/v2\/types\/post"}],"author":[{"embeddable":true,"href":"https:\/\/analyse.optim.biz\/index.php?rest_route=\/wp\/v2\/users\/1"}],"replies":[{"embeddable":true,"href":"https:\/\/analyse.optim.biz\/index.php?rest_route=%2Fwp%2Fv2%2Fcomments&post=363401"}],"version-history":[{"count":0,"href":"https:\/\/analyse.optim.biz\/index.php?rest_route=\/wp\/v2\/posts\/363401\/revisions"}],"wp:featuredmedia":[{"embeddable":true,"href":"https:\/\/analyse.optim.biz\/index.php?rest_route=\/wp\/v2\/media\/363402"}],"wp:attachment":[{"href":"https:\/\/analyse.optim.biz\/index.php?rest_route=%2Fwp%2Fv2%2Fmedia&parent=363401"}],"wp:term":[{"taxonomy":"category","embeddable":true,"href":"https:\/\/analyse.optim.biz\/index.php?rest_route=%2Fwp%2Fv2%2Fcategories&post=363401"},{"taxonomy":"post_tag","embeddable":true,"href":"https:\/\/analyse.optim.biz\/index.php?rest_route=%2Fwp%2Fv2%2Ftags&post=363401"}],"curies":[{"name":"wp","href":"https:\/\/api.w.org\/{rel}","templated":true}]}}